{"id":12414,"date":"2024-02-16T19:10:11","date_gmt":"2024-02-16T19:10:11","guid":{"rendered":"https:\/\/www.rabat.net\/es\/magazine?p=12414"},"modified":"2024-07-17T16:39:58","modified_gmt":"2024-07-17T16:39:58","slug":"greta-fernandez-una-joya-unica-en-el-festival-del-cine-de-berlin","status":"publish","type":"post","link":"https:\/\/www.rabat.net\/es\/magazine\/greta-fernandez-una-joya-unica-en-el-festival-del-cine-de-berlin","title":{"rendered":"Greta Fern\u00e1ndez, una joya \u00fanica en el festival del cine de Berl\u00edn"},"content":{"rendered":"\n<p class=\"wp-block-paragraph\">La actriz espa\u00f1ola, <strong>Greta Fern\u00e1ndez<\/strong>, acudi\u00f3 a la <strong>74\u00aa edici\u00f3n del Festival de Cine de Berl\u00edn<\/strong> para presentar, de manera internacional, su \u00faltima <strong>pel\u00edcula <em>&#8216;Cuckoo&#8217;<\/em><\/strong> y deslumbr\u00f3 en la roja gracias a la luz infinita de las <strong>joyas RABAT<\/strong> que le acompa\u00f1aron en un d\u00eda inolvidable en su carrera.<\/p>\n\n\n\n<p class=\"wp-block-paragraph\">La <strong>Berlinale 2024<\/strong> se ha convertido en el foco del <strong>cine internacional<\/strong> desde el pasado 15 de febrero congregando as\u00ed a numerosos artistas, cineastas, directores y productores. Personajes de renombre como  <strong>Rooney Mara, Gael Garc\u00eda Bernal, Isabelle Huppert y Cillian Murphy<\/strong> para celebrar y rendir homenaje al s\u00e9ptimo arte.<\/p>\n\n\n\n<p class=\"wp-block-paragraph\">A estos nombres se les une como <strong>presidenta del jurado del Festival de Cine de Berl\u00edn<\/strong>, la <strong>actriz ganadora del Oscar,&nbsp;Lupita Nyong\u2019o<\/strong>, formando parte de \u00e9l tambi\u00e9n <strong>el director Albert Serra<\/strong>; quienes se encargar\u00e1n de otorgar los <strong>osos de oro y plata<\/strong> entre veinte propuestas.<\/p>\n\n\n\n<figure class=\"wp-block-image size-full\"><img fetchpriority=\"high\" decoding=\"async\" width=\"1800\" height=\"2700\" src=\"https:\/\/www.rabat.net\/es\/magazine\/wp-content\/uploads\/2024\/02\/greta-fernandez-joyas-rabat-diamonds-berlinale-2024-rabat-magazine.jpg\" alt=\"\" class=\"wp-image-12445\"\/><\/figure>\n\n\n\n<p class=\"wp-block-paragraph\"><strong>La actriz Greta Fern\u00e1ndez<\/strong> acude a este festival rodeada de sus compa\u00f1eros de reparto, de la que destacamos a la protagonista de la aclamada <strong>serie de HBO Max, <em>Euphoria<\/em>, Hunter Schafer <\/strong>y <strong>Dan Stevens<\/strong>, actor ingl\u00e9s que ha participado en pel\u00edculas como <strong><em>El hombre que invent\u00f3 la Navidad<\/em><\/strong> o series reputadas por la cr\u00edtica como <strong><em>Downtown Abbey<\/em><\/strong> o <strong><em>High Maintenance<\/em><\/strong>. Todos ellos presentan el <strong>thriller alem\u00e1n <em>&#8216;Cuckoo&#8217;<\/em><\/strong>, cinta de terror que cuenta la historia de Gretchen, una adolescente que viaja con su padre y su madrastra a un pueblo de los Alpes.<\/p>\n\n\n\n<p class=\"wp-block-paragraph\"><strong>Greta <\/strong>deslumbr\u00f3 en la <strong>Red Carpet<\/strong> acompa\u00f1ada de <strong>espectaculares joyas RABAT<\/strong> y vestido de Acn\u00e9 Studio, un acierto total gracias al estilismo de <strong>Marc Forn\u00e9<\/strong>. Un total look de <strong>diamantes<\/strong> compuesto por <strong>earcuff, collar y anillo XL<\/strong>. El pendiente, de la ic\u00f3nica colecci\u00f3n <strong>RABAT One of A Kind<\/strong>, se compone por cuatro <strong>diamantes de diferentes tallas<\/strong>, jugando con la proyecci\u00f3n de su luz al combinar la<strong> talla brillante, talla marquise, talla esmeralda y talla oval<\/strong>, consiguiendo un delicado efecto \u00f3ptico de sujeci\u00f3n invisible. Un ejemplo de la <strong>excelencia artesanal de RABAT<\/strong> y su exquisito trato con <strong>los diamantes y su luminosidad<\/strong>, es tambi\u00e9n el <strong>collar corbatero rivi\u00e8re en degrad\u00e9<\/strong>: <strong>113 diamantes talla brillante<\/strong> que crecen en tama\u00f1o en el efecto ca\u00edda del escote atesorados en <strong>oro blanco<\/strong>.<\/p>\n\n\n\n<div class=\"wp-block-columns is-layout-flex wp-container-core-columns-is-layout-8f761849 wp-block-columns-is-layout-flex\">\n<div class=\"wp-block-column is-layout-flow wp-block-column-is-layout-flow\">\n<figure class=\"wp-block-image size-full\"><img decoding=\"async\" width=\"1429\" height=\"2145\" src=\"https:\/\/www.rabat.net\/es\/magazine\/wp-content\/uploads\/2024\/02\/DSC2084.jpg\" alt=\"Greta Fern\u00e1ndez x RABAT | Fotograf\u00eda: Andr\u00e9s Garlujan\" class=\"wp-image-12449\"\/><figcaption class=\"wp-element-caption\">Greta Fern\u00e1ndez x RABAT | Fotograf\u00eda: Andr\u00e9s Garlujan<\/figcaption><\/figure>\n<\/div>\n\n\n\n<div class=\"wp-block-column is-layout-flow wp-block-column-is-layout-flow\">\n<figure class=\"wp-block-image size-full\"><img decoding=\"async\" width=\"1397\" height=\"2097\" src=\"https:\/\/www.rabat.net\/es\/magazine\/wp-content\/uploads\/2024\/02\/DSC1866.jpg\" alt=\"Greta Fern\u00e1ndez x RABAT | Fotograf\u00eda: Andr\u00e9s Garlujan\" class=\"wp-image-12450\"\/><figcaption class=\"wp-element-caption\">Greta Fern\u00e1ndez x RABAT | Fotograf\u00eda: Andr\u00e9s Garlujan<\/figcaption><\/figure>\n<\/div>\n\n\n\n<div class=\"wp-block-column is-layout-flow wp-block-column-is-layout-flow\">\n<figure class=\"wp-block-image size-full\"><img loading=\"lazy\" decoding=\"async\" width=\"879\" height=\"1318\" src=\"https:\/\/www.rabat.net\/es\/magazine\/wp-content\/uploads\/2024\/02\/DSC2129.jpg\" alt=\"Greta Fern\u00e1ndez x RABAT | Fotograf\u00eda: Andr\u00e9s Garlujan\" class=\"wp-image-12451\"\/><figcaption class=\"wp-element-caption\">Greta Fern\u00e1ndez x RABAT | Fotograf\u00eda: Andr\u00e9s Garlujan<\/figcaption><\/figure>\n<\/div>\n<\/div>\n\n\n\n<p class=\"wp-block-paragraph\"><strong>El anillo<\/strong>, de \u00faltima tendencia por su <strong>tama\u00f1o XL<\/strong>, es un anillo de la <strong>colecci\u00f3n RABAT Diamonds<\/strong> de dise\u00f1o <strong>inspirado en la belleza de la naturaleza<\/strong> por su efecto envolvente y su brillo semejante a las gotas del roc\u00edo.<\/p>\n\n\n\n<p class=\"wp-block-paragraph\">Una elecci\u00f3n perfecta para una <strong>Red Carpet internacional<\/strong> y acaparar todas las miradas gracias la <strong>eternidad de las joyas RABAT<\/strong>.<\/p>\n\n\n<div class=\"lazyblock-nombrejoya-Za2Aad wp-block-lazyblock-nombrejoya\"><div class=\"landing_featured_product three bloque\">\r\n\t\t<div class=\"product_item\"><a href=\"https:\/\/www.rabat.net\/es\/medio-pendiente-earcuff-oro-blanco-con-diamantes-p524800068?utm_source=rmd&#038;utm_medium=buttonproduct\">\r\n\t\t\t<div class=\"product_item_image\"><img decoding=\"async\" loading=\"lazy\" src=\"https:\/\/www.rabat.net\/es\/magazine\/wp-content\/uploads\/2024\/02\/medio-pendiente-earcuff-oro-blanco-con-diamantes-p524800068_1.jpg\" alt=\"Earcuff de oro blanco con diamantes\"><\/div>\r\n\t\t\t<p>Earcuff de oro blanco con diamantes<\/p>\r\n\t\t\t\t<div class=\"product_item_button\">Ver detalle<\/div>\r\n\t\t<\/a><\/div>\r\n\t\t<div class=\"product_item\"><a href=\"https:\/\/www.rabat.net\/es\/collar-riviere-oro-blanco-con-diamantes-p021520171?utm_source=rmd&#038;utm_medium=buttonproduct\">\r\n\t\t\t<div class=\"product_item_image\"><img decoding=\"async\" loading=\"lazy\" src=\"https:\/\/www.rabat.net\/es\/magazine\/wp-content\/uploads\/2024\/02\/collar-rabat-diamonds-riviere-oro-blanco-con-diamantes-p021520171.jpg\" alt=\"Collar rivi\u00e8re de oro blanco con diamantes\"><\/div>\r\n\t\t\t<p>Collar rivi\u00e8re de oro blanco con diamantes<\/p>\r\n\t\t\t\t<div class=\"product_item_button\">Ver detalle<\/div>\r\n\t\t<\/a><\/div>\r\n\t\t<div class=\"product_item\"><a href=\"https:\/\/www.rabat.net\/es\/anillo-solitario-con-diamante-central-y-brazo-con-diamantes-negros-p008320098-14?utm_source=rmd&#038;utm_medium=buttonproduct\">\r\n\t\t\t<div class=\"product_item_image\"><img decoding=\"async\" loading=\"lazy\" src=\"https:\/\/www.rabat.net\/es\/magazine\/wp-content\/uploads\/2024\/02\/detalle-anillo-solitario-de-oro-blanco-con-rodio-negro-con-diamante-central-y-brazo-con-diamantes-negros-coleccion-rabat-blackandwhite-P008320098-14.jpg\" alt=\"Anillo solitario con diamante central y brazo con diamantes negros\"><\/div>\r\n\t\t\t<p>Anillo solitario con diamante central y brazo con diamantes negros<\/p>\r\n\t\t\t\t<div class=\"product_item_button\">Ver detalle<\/div>\r\n\t\t<\/a><\/div>\r\n\t<div class=\"clear\"><\/div>\r\n<\/div><\/div>\n\n\n<p class=\"wp-block-paragraph\"><strong>Piezas de alta joyer\u00eda<\/strong> creadas de manera minuciosa y artesanal por los <strong>expertos joyeros RABAT<\/strong> bajo la premisa de ensalzar la excelencia, a trav\u00e9s de historias que trasladan <strong>el amor por el oficio, la artesan\u00eda y la exigencia<\/strong> en la selecci\u00f3n de piedras <strong>preciosas<\/strong>.<\/p>\n\n\n\n<h2 class=\"wp-block-heading\">Cine y joyer\u00eda<\/h2>\n\n\n\n<p class=\"wp-block-paragraph\">La actriz ahonda en la impecable sinergia entre <strong>dos universos creativos: el cine y la joyer\u00eda<\/strong>.&nbsp;Dos mundos que convergen entre s\u00ed por un destacado com\u00fan denominador: <strong>el arte<\/strong>. La actriz aprovech\u00f3 su visita a la <strong>boutique de RABAT Madrid<\/strong> para compartir con nosotros su forma de trabajar y c\u00f3mo identifica su profesi\u00f3n con la de un <strong>joyero<\/strong>. Greta destaca su <strong>car\u00e1cter profesional<\/strong> como preciso y paciente, caracter\u00edsticas que comparte con un <strong>dise\u00f1ador de pieza de Alta joyer\u00eda<\/strong>. Adem\u00e1s explica c\u00f3mo, tanto <strong>el cine y la joyer\u00eda<\/strong> son productos que esconden un trabajo y esfuerzo tras las c\u00e1maras mucho m\u00e1s importante y grande que lo que se ve a simple vista.<\/p>\n\n\n\n<blockquote class=\"wp-block-quote is-layout-flow wp-block-quote-is-layout-flow\">\n<p class=\"wp-block-paragraph\">\u201cCreo que la precisi\u00f3n es b\u00e1sica a la hora de ver los dos oficios. Cuando ves una joya a simple vista, hay muchos detalles que quiz\u00e1 se escapan y creo que, como en el cine, hay un trabajo muy minucioso\u201d<\/p>\n<cite>Greta Fern\u00e1ndez<\/cite><\/blockquote>\n\n\n\n<figure class=\"wp-block-embed is-type-video is-provider-youtube wp-block-embed-youtube wp-embed-aspect-16-9 wp-has-aspect-ratio\"><div class=\"wp-block-embed__wrapper\">\n<iframe title=\"Greta Fern\u00e1ndez x RABAT: La uni\u00f3n entre el cine y la joyer\u00eda.\" width=\"1778\" height=\"1000\" src=\"https:\/\/www.youtube.com\/embed\/3eDRHwPDqc8?feature=oembed\" frameborder=\"0\" allow=\"accelerometer; autoplay; clipboard-write; encrypted-media; gyroscope; picture-in-picture; web-share\" allowfullscreen><\/iframe>\n<\/div><\/figure>\n\n\n\n<p class=\"wp-block-paragraph\"><\/p>\n","protected":false},"excerpt":{"rendered":"<p>Greta Fern\u00e1ndez presenta su \u00faltima pel\u00edcula internacional en la Red Carpet de la Berlinale acompa\u00f1ada de las espectaculares piezas ic\u00f3nicas RABAT. <\/p>\n","protected":false},"author":1,"featured_media":12446,"comment_status":"closed","ping_status":"closed","sticky":false,"template":"","format":"standard","meta":{"_acf_changed":false,"_crdt_document":"","footnotes":""},"categories":[1],"tags":[],"class_list":["post-12414","post","type-post","status-publish","format-standard","has-post-thumbnail","hentry","category-joyeria"],"acf":[],"yoast_head":"<!-- This site is optimized with the Yoast SEO plugin v27.2 - https:\/\/yoast.com\/product\/yoast-seo-wordpress\/ -->\n<title>Greta Fern\u00e1ndez, una joya \u00fanica en el festival del cine de Berl\u00edn - RABAT Magazine<\/title>\n<meta name=\"description\" content=\"Greta Fern\u00e1ndez presenta su \u00faltima pel\u00edcula internacional en la Red Carpet de la Berlinale acompa\u00f1ada de las espectaculares piezas ic\u00f3nicas RABAT.\" \/>\n<meta name=\"robots\" content=\"index, follow, max-snippet:-1, max-image-preview:large, max-video-preview:-1\" \/>\n<link rel=\"canonical\" href=\"https:\/\/www.rabat.net\/es\/magazine\/greta-fernandez-una-joya-unica-en-el-festival-del-cine-de-berlin\" \/>\n<meta property=\"og:locale\" content=\"es_ES\" \/>\n<meta property=\"og:type\" content=\"article\" \/>\n<meta property=\"og:title\" content=\"Greta Fern\u00e1ndez, una joya \u00fanica en el festival del cine de Berl\u00edn - RABAT Magazine\" \/>\n<meta property=\"og:description\" content=\"Greta Fern\u00e1ndez presenta su \u00faltima pel\u00edcula internacional en la Red Carpet de la Berlinale acompa\u00f1ada de las espectaculares piezas ic\u00f3nicas RABAT.\" \/>\n<meta property=\"og:url\" content=\"https:\/\/www.rabat.net\/es\/magazine\/greta-fernandez-una-joya-unica-en-el-festival-del-cine-de-berlin\" \/>\n<meta property=\"og:site_name\" content=\"RABAT Magazine\" \/>\n<meta property=\"article:author\" content=\"https:\/\/www.facebook.com\/JoyeriaRabat\/\" \/>\n<meta property=\"article:published_time\" content=\"2024-02-16T19:10:11+00:00\" \/>\n<meta property=\"article:modified_time\" content=\"2024-07-17T16:39:58+00:00\" \/>\n<meta property=\"og:image\" content=\"https:\/\/www.rabat.net\/es\/magazine\/wp-content\/uploads\/2024\/02\/greta-fernandez-joyas-rabat-diamonds-berlinale-2024-rabat-magazine-cover.jpg\" \/>\n\t<meta property=\"og:image:width\" content=\"1024\" \/>\n\t<meta property=\"og:image:height\" content=\"720\" \/>\n\t<meta property=\"og:image:type\" content=\"image\/jpeg\" \/>\n<meta name=\"author\" content=\"RABAT\" \/>\n<meta name=\"twitter:card\" content=\"summary_large_image\" \/>\n<meta name=\"twitter:label1\" content=\"Escrito por\" \/>\n\t<meta name=\"twitter:data1\" content=\"RABAT\" \/>\n\t<meta name=\"twitter:label2\" content=\"Tiempo de lectura\" \/>\n\t<meta name=\"twitter:data2\" content=\"4 minutos\" \/>\n<script type=\"application\/ld+json\" class=\"yoast-schema-graph\">{\"@context\":\"https:\/\/schema.org\",\"@graph\":[{\"@type\":\"Article\",\"@id\":\"https:\/\/www.rabat.net\/es\/magazine\/greta-fernandez-una-joya-unica-en-el-festival-del-cine-de-berlin#article\",\"isPartOf\":{\"@id\":\"https:\/\/www.rabat.net\/es\/magazine\/greta-fernandez-una-joya-unica-en-el-festival-del-cine-de-berlin\"},\"author\":{\"name\":\"RABAT\",\"@id\":\"https:\/\/www.rabat.net\/es\/magazine\/#\/schema\/person\/7b797b14a84926e5378f29d8753c6a86\"},\"headline\":\"Greta Fern\u00e1ndez, una joya \u00fanica en el festival del cine de Berl\u00edn\",\"datePublished\":\"2024-02-16T19:10:11+00:00\",\"dateModified\":\"2024-07-17T16:39:58+00:00\",\"mainEntityOfPage\":{\"@id\":\"https:\/\/www.rabat.net\/es\/magazine\/greta-fernandez-una-joya-unica-en-el-festival-del-cine-de-berlin\"},\"wordCount\":722,\"publisher\":{\"@id\":\"https:\/\/www.rabat.net\/es\/magazine\/#organization\"},\"image\":{\"@id\":\"https:\/\/www.rabat.net\/es\/magazine\/greta-fernandez-una-joya-unica-en-el-festival-del-cine-de-berlin#primaryimage\"},\"thumbnailUrl\":\"https:\/\/www.rabat.net\/es\/magazine\/wp-content\/uploads\/2024\/02\/greta-fernandez-joyas-rabat-diamonds-berlinale-2024-rabat-magazine-cover.jpg\",\"articleSection\":[\"Joyas\"],\"inLanguage\":\"es\"},{\"@type\":\"WebPage\",\"@id\":\"https:\/\/www.rabat.net\/es\/magazine\/greta-fernandez-una-joya-unica-en-el-festival-del-cine-de-berlin\",\"url\":\"https:\/\/www.rabat.net\/es\/magazine\/greta-fernandez-una-joya-unica-en-el-festival-del-cine-de-berlin\",\"name\":\"Greta Fern\u00e1ndez, una joya \u00fanica en el festival del cine de Berl\u00edn - RABAT Magazine\",\"isPartOf\":{\"@id\":\"https:\/\/www.rabat.net\/es\/magazine\/#website\"},\"primaryImageOfPage\":{\"@id\":\"https:\/\/www.rabat.net\/es\/magazine\/greta-fernandez-una-joya-unica-en-el-festival-del-cine-de-berlin#primaryimage\"},\"image\":{\"@id\":\"https:\/\/www.rabat.net\/es\/magazine\/greta-fernandez-una-joya-unica-en-el-festival-del-cine-de-berlin#primaryimage\"},\"thumbnailUrl\":\"https:\/\/www.rabat.net\/es\/magazine\/wp-content\/uploads\/2024\/02\/greta-fernandez-joyas-rabat-diamonds-berlinale-2024-rabat-magazine-cover.jpg\",\"datePublished\":\"2024-02-16T19:10:11+00:00\",\"dateModified\":\"2024-07-17T16:39:58+00:00\",\"description\":\"Greta Fern\u00e1ndez presenta su \u00faltima pel\u00edcula internacional en la Red Carpet de la Berlinale acompa\u00f1ada de las espectaculares piezas ic\u00f3nicas RABAT.\",\"breadcrumb\":{\"@id\":\"https:\/\/www.rabat.net\/es\/magazine\/greta-fernandez-una-joya-unica-en-el-festival-del-cine-de-berlin#breadcrumb\"},\"inLanguage\":\"es\",\"potentialAction\":[{\"@type\":\"ReadAction\",\"target\":[\"https:\/\/www.rabat.net\/es\/magazine\/greta-fernandez-una-joya-unica-en-el-festival-del-cine-de-berlin\"]}]},{\"@type\":\"ImageObject\",\"inLanguage\":\"es\",\"@id\":\"https:\/\/www.rabat.net\/es\/magazine\/greta-fernandez-una-joya-unica-en-el-festival-del-cine-de-berlin#primaryimage\",\"url\":\"https:\/\/www.rabat.net\/es\/magazine\/wp-content\/uploads\/2024\/02\/greta-fernandez-joyas-rabat-diamonds-berlinale-2024-rabat-magazine-cover.jpg\",\"contentUrl\":\"https:\/\/www.rabat.net\/es\/magazine\/wp-content\/uploads\/2024\/02\/greta-fernandez-joyas-rabat-diamonds-berlinale-2024-rabat-magazine-cover.jpg\",\"width\":1024,\"height\":720},{\"@type\":\"BreadcrumbList\",\"@id\":\"https:\/\/www.rabat.net\/es\/magazine\/greta-fernandez-una-joya-unica-en-el-festival-del-cine-de-berlin#breadcrumb\",\"itemListElement\":[{\"@type\":\"ListItem\",\"position\":1,\"name\":\"Home\",\"item\":\"https:\/\/www.rabat.net\/es\/magazine\/\"},{\"@type\":\"ListItem\",\"position\":2,\"name\":\"Greta Fern\u00e1ndez, una joya \u00fanica en el festival del cine de Berl\u00edn\"}]},{\"@type\":\"WebSite\",\"@id\":\"https:\/\/www.rabat.net\/es\/magazine\/#website\",\"url\":\"https:\/\/www.rabat.net\/es\/magazine\/\",\"name\":\"RABAT Magazine\",\"description\":\"Revista Digital de Joyer\u00eda y Relojer\u00eda\",\"publisher\":{\"@id\":\"https:\/\/www.rabat.net\/es\/magazine\/#organization\"},\"potentialAction\":[{\"@type\":\"SearchAction\",\"target\":{\"@type\":\"EntryPoint\",\"urlTemplate\":\"https:\/\/www.rabat.net\/es\/magazine\/?s={search_term_string}\"},\"query-input\":{\"@type\":\"PropertyValueSpecification\",\"valueRequired\":true,\"valueName\":\"search_term_string\"}}],\"inLanguage\":\"es\"},{\"@type\":\"Organization\",\"@id\":\"https:\/\/www.rabat.net\/es\/magazine\/#organization\",\"name\":\"RABAT Magazine\",\"url\":\"https:\/\/www.rabat.net\/es\/magazine\/\",\"logo\":{\"@type\":\"ImageObject\",\"inLanguage\":\"es\",\"@id\":\"https:\/\/www.rabat.net\/es\/magazine\/#\/schema\/logo\/image\/\",\"url\":\"https:\/\/www.rabat.net\/es\/magazine\/wp-content\/uploads\/2019\/04\/rabat-logotipo-stories.png\",\"contentUrl\":\"https:\/\/www.rabat.net\/es\/magazine\/wp-content\/uploads\/2019\/04\/rabat-logotipo-stories.png\",\"width\":250,\"height\":38,\"caption\":\"RABAT Magazine\"},\"image\":{\"@id\":\"https:\/\/www.rabat.net\/es\/magazine\/#\/schema\/logo\/image\/\"}},{\"@type\":\"Person\",\"@id\":\"https:\/\/www.rabat.net\/es\/magazine\/#\/schema\/person\/7b797b14a84926e5378f29d8753c6a86\",\"name\":\"RABAT\",\"sameAs\":[\"https:\/\/www.rabat.net\/es\/magazine\/\",\"https:\/\/www.facebook.com\/JoyeriaRabat\/\",\"https:\/\/www.instagram.com\/rabatjewellery\/\"],\"url\":\"https:\/\/www.rabat.net\/es\/magazine\/author\/admin\"}]}<\/script>\n<!-- \/ Yoast SEO plugin. -->","yoast_head_json":{"title":"Greta Fern\u00e1ndez, una joya \u00fanica en el festival del cine de Berl\u00edn - RABAT Magazine","description":"Greta Fern\u00e1ndez presenta su \u00faltima pel\u00edcula internacional en la Red Carpet de la Berlinale acompa\u00f1ada de las espectaculares piezas ic\u00f3nicas RABAT.","robots":{"index":"index","follow":"follow","max-snippet":"max-snippet:-1","max-image-preview":"max-image-preview:large","max-video-preview":"max-video-preview:-1"},"canonical":"https:\/\/www.rabat.net\/es\/magazine\/greta-fernandez-una-joya-unica-en-el-festival-del-cine-de-berlin","og_locale":"es_ES","og_type":"article","og_title":"Greta Fern\u00e1ndez, una joya \u00fanica en el festival del cine de Berl\u00edn - RABAT Magazine","og_description":"Greta Fern\u00e1ndez presenta su \u00faltima pel\u00edcula internacional en la Red Carpet de la Berlinale acompa\u00f1ada de las espectaculares piezas ic\u00f3nicas RABAT.","og_url":"https:\/\/www.rabat.net\/es\/magazine\/greta-fernandez-una-joya-unica-en-el-festival-del-cine-de-berlin","og_site_name":"RABAT Magazine","article_author":"https:\/\/www.facebook.com\/JoyeriaRabat\/","article_published_time":"2024-02-16T19:10:11+00:00","article_modified_time":"2024-07-17T16:39:58+00:00","og_image":[{"width":1024,"height":720,"url":"https:\/\/www.rabat.net\/es\/magazine\/wp-content\/uploads\/2024\/02\/greta-fernandez-joyas-rabat-diamonds-berlinale-2024-rabat-magazine-cover.jpg","type":"image\/jpeg"}],"author":"RABAT","twitter_card":"summary_large_image","twitter_misc":{"Escrito por":"RABAT","Tiempo de lectura":"4 minutos"},"schema":{"@context":"https:\/\/schema.org","@graph":[{"@type":"Article","@id":"https:\/\/www.rabat.net\/es\/magazine\/greta-fernandez-una-joya-unica-en-el-festival-del-cine-de-berlin#article","isPartOf":{"@id":"https:\/\/www.rabat.net\/es\/magazine\/greta-fernandez-una-joya-unica-en-el-festival-del-cine-de-berlin"},"author":{"name":"RABAT","@id":"https:\/\/www.rabat.net\/es\/magazine\/#\/schema\/person\/7b797b14a84926e5378f29d8753c6a86"},"headline":"Greta Fern\u00e1ndez, una joya \u00fanica en el festival del cine de Berl\u00edn","datePublished":"2024-02-16T19:10:11+00:00","dateModified":"2024-07-17T16:39:58+00:00","mainEntityOfPage":{"@id":"https:\/\/www.rabat.net\/es\/magazine\/greta-fernandez-una-joya-unica-en-el-festival-del-cine-de-berlin"},"wordCount":722,"publisher":{"@id":"https:\/\/www.rabat.net\/es\/magazine\/#organization"},"image":{"@id":"https:\/\/www.rabat.net\/es\/magazine\/greta-fernandez-una-joya-unica-en-el-festival-del-cine-de-berlin#primaryimage"},"thumbnailUrl":"https:\/\/www.rabat.net\/es\/magazine\/wp-content\/uploads\/2024\/02\/greta-fernandez-joyas-rabat-diamonds-berlinale-2024-rabat-magazine-cover.jpg","articleSection":["Joyas"],"inLanguage":"es"},{"@type":"WebPage","@id":"https:\/\/www.rabat.net\/es\/magazine\/greta-fernandez-una-joya-unica-en-el-festival-del-cine-de-berlin","url":"https:\/\/www.rabat.net\/es\/magazine\/greta-fernandez-una-joya-unica-en-el-festival-del-cine-de-berlin","name":"Greta Fern\u00e1ndez, una joya \u00fanica en el festival del cine de Berl\u00edn - RABAT Magazine","isPartOf":{"@id":"https:\/\/www.rabat.net\/es\/magazine\/#website"},"primaryImageOfPage":{"@id":"https:\/\/www.rabat.net\/es\/magazine\/greta-fernandez-una-joya-unica-en-el-festival-del-cine-de-berlin#primaryimage"},"image":{"@id":"https:\/\/www.rabat.net\/es\/magazine\/greta-fernandez-una-joya-unica-en-el-festival-del-cine-de-berlin#primaryimage"},"thumbnailUrl":"https:\/\/www.rabat.net\/es\/magazine\/wp-content\/uploads\/2024\/02\/greta-fernandez-joyas-rabat-diamonds-berlinale-2024-rabat-magazine-cover.jpg","datePublished":"2024-02-16T19:10:11+00:00","dateModified":"2024-07-17T16:39:58+00:00","description":"Greta Fern\u00e1ndez presenta su \u00faltima pel\u00edcula internacional en la Red Carpet de la Berlinale acompa\u00f1ada de las espectaculares piezas ic\u00f3nicas RABAT.","breadcrumb":{"@id":"https:\/\/www.rabat.net\/es\/magazine\/greta-fernandez-una-joya-unica-en-el-festival-del-cine-de-berlin#breadcrumb"},"inLanguage":"es","potentialAction":[{"@type":"ReadAction","target":["https:\/\/www.rabat.net\/es\/magazine\/greta-fernandez-una-joya-unica-en-el-festival-del-cine-de-berlin"]}]},{"@type":"ImageObject","inLanguage":"es","@id":"https:\/\/www.rabat.net\/es\/magazine\/greta-fernandez-una-joya-unica-en-el-festival-del-cine-de-berlin#primaryimage","url":"https:\/\/www.rabat.net\/es\/magazine\/wp-content\/uploads\/2024\/02\/greta-fernandez-joyas-rabat-diamonds-berlinale-2024-rabat-magazine-cover.jpg","contentUrl":"https:\/\/www.rabat.net\/es\/magazine\/wp-content\/uploads\/2024\/02\/greta-fernandez-joyas-rabat-diamonds-berlinale-2024-rabat-magazine-cover.jpg","width":1024,"height":720},{"@type":"BreadcrumbList","@id":"https:\/\/www.rabat.net\/es\/magazine\/greta-fernandez-una-joya-unica-en-el-festival-del-cine-de-berlin#breadcrumb","itemListElement":[{"@type":"ListItem","position":1,"name":"Home","item":"https:\/\/www.rabat.net\/es\/magazine\/"},{"@type":"ListItem","position":2,"name":"Greta Fern\u00e1ndez, una joya \u00fanica en el festival del cine de Berl\u00edn"}]},{"@type":"WebSite","@id":"https:\/\/www.rabat.net\/es\/magazine\/#website","url":"https:\/\/www.rabat.net\/es\/magazine\/","name":"RABAT Magazine","description":"Revista Digital de Joyer\u00eda y Relojer\u00eda","publisher":{"@id":"https:\/\/www.rabat.net\/es\/magazine\/#organization"},"potentialAction":[{"@type":"SearchAction","target":{"@type":"EntryPoint","urlTemplate":"https:\/\/www.rabat.net\/es\/magazine\/?s={search_term_string}"},"query-input":{"@type":"PropertyValueSpecification","valueRequired":true,"valueName":"search_term_string"}}],"inLanguage":"es"},{"@type":"Organization","@id":"https:\/\/www.rabat.net\/es\/magazine\/#organization","name":"RABAT Magazine","url":"https:\/\/www.rabat.net\/es\/magazine\/","logo":{"@type":"ImageObject","inLanguage":"es","@id":"https:\/\/www.rabat.net\/es\/magazine\/#\/schema\/logo\/image\/","url":"https:\/\/www.rabat.net\/es\/magazine\/wp-content\/uploads\/2019\/04\/rabat-logotipo-stories.png","contentUrl":"https:\/\/www.rabat.net\/es\/magazine\/wp-content\/uploads\/2019\/04\/rabat-logotipo-stories.png","width":250,"height":38,"caption":"RABAT Magazine"},"image":{"@id":"https:\/\/www.rabat.net\/es\/magazine\/#\/schema\/logo\/image\/"}},{"@type":"Person","@id":"https:\/\/www.rabat.net\/es\/magazine\/#\/schema\/person\/7b797b14a84926e5378f29d8753c6a86","name":"RABAT","sameAs":["https:\/\/www.rabat.net\/es\/magazine\/","https:\/\/www.facebook.com\/JoyeriaRabat\/","https:\/\/www.instagram.com\/rabatjewellery\/"],"url":"https:\/\/www.rabat.net\/es\/magazine\/author\/admin"}]}},"_links":{"self":[{"href":"https:\/\/www.rabat.net\/es\/magazine\/wp-json\/wp\/v2\/posts\/12414","targetHints":{"allow":["GET"]}}],"collection":[{"href":"https:\/\/www.rabat.net\/es\/magazine\/wp-json\/wp\/v2\/posts"}],"about":[{"href":"https:\/\/www.rabat.net\/es\/magazine\/wp-json\/wp\/v2\/types\/post"}],"author":[{"embeddable":true,"href":"https:\/\/www.rabat.net\/es\/magazine\/wp-json\/wp\/v2\/users\/1"}],"replies":[{"embeddable":true,"href":"https:\/\/www.rabat.net\/es\/magazine\/wp-json\/wp\/v2\/comments?post=12414"}],"version-history":[{"count":9,"href":"https:\/\/www.rabat.net\/es\/magazine\/wp-json\/wp\/v2\/posts\/12414\/revisions"}],"predecessor-version":[{"id":15261,"href":"https:\/\/www.rabat.net\/es\/magazine\/wp-json\/wp\/v2\/posts\/12414\/revisions\/15261"}],"wp:featuredmedia":[{"embeddable":true,"href":"https:\/\/www.rabat.net\/es\/magazine\/wp-json\/wp\/v2\/media\/12446"}],"wp:attachment":[{"href":"https:\/\/www.rabat.net\/es\/magazine\/wp-json\/wp\/v2\/media?parent=12414"}],"wp:term":[{"taxonomy":"category","embeddable":true,"href":"https:\/\/www.rabat.net\/es\/magazine\/wp-json\/wp\/v2\/categories?post=12414"},{"taxonomy":"post_tag","embeddable":true,"href":"https:\/\/www.rabat.net\/es\/magazine\/wp-json\/wp\/v2\/tags?post=12414"}],"curies":[{"name":"wp","href":"https:\/\/api.w.org\/{rel}","templated":true}]}}