{"id":18646,"date":"2025-02-08T10:13:29","date_gmt":"2025-02-08T10:13:29","guid":{"rendered":"https:\/\/www.rabat.net\/es\/magazine\/?p=18646"},"modified":"2025-02-27T11:23:12","modified_gmt":"2025-02-27T11:23:12","slug":"macarena-garcia-joyas-look-premios-goya-2025","status":"publish","type":"post","link":"https:\/\/www.rabat.net\/es\/magazine\/macarena-garcia-joyas-look-premios-goya-2025","title":{"rendered":"Macarena Garc\u00eda brilla en los Goya con joyas de RABAT"},"content":{"rendered":"\n<p class=\"wp-block-paragraph\">Marta es d\u00e9bil a veces. Y, otras, es fuerte. Esta resiliencia emocional en medio del caos, su autenticidad y la fant\u00e1stica interpretaci\u00f3n de <strong>Macarena Garc\u00eda<\/strong> \u2014entre el drama y la comedia\u2014 son los factores que han hecho que este personaje de <strong><em>Casa en llamas<\/em> <\/strong>sea el m\u00e1s querido de la pel\u00edcula que dirige<strong> Dani de la Orden.<\/strong> De modo que la nominaci\u00f3n de la madrile\u00f1a al Goya 2025 a <strong>Mejor Actriz de Reparto<\/strong> no nos pill\u00f3 por sorpresa. Tampoco es la primera vez que la Academia de Cine alaba su trabajo: en 2013 gan\u00f3 el Goya a <strong>Mejor Actriz Revelaci\u00f3n<\/strong> por su papel en <em>Blancanieves<\/em>, de Pablo Berger.&nbsp;<\/p>\n\n\n\n<figure class=\"wp-block-image size-full\"><img fetchpriority=\"high\" decoding=\"async\" width=\"800\" height=\"1200\" src=\"https:\/\/www.rabat.net\/es\/magazine\/wp-content\/uploads\/2025\/02\/macarena-garcia-brilla-en-los-goyas-2025-rabat-magazine.jpg\" alt=\"\" class=\"wp-image-18841\"\/><\/figure>\n\n\n\n<p class=\"wp-block-paragraph\">As\u00ed que esta noche, Macarena Garc\u00eda ha llegado a la alfombra roja del Palacio de Exposiciones y Congresos de Granada, como lo que es: <strong>una gran estrella.<\/strong> La madrile\u00f1a ha vuelto a elegir el negro, uno de sus colores preferidos \u2014lo visti\u00f3 hace unos d\u00edas en los Premios Feroz y tambi\u00e9n en los Goya de 2024\u2014, en un elegante <strong>vestido de terciopelo,<\/strong> con cola, corte en la cintura y cuerpo a modo de corpi\u00f1o de escote cuadrado, de la colecci\u00f3n <strong>Cruise 2025 de Dior. <\/strong><\/p>\n\n\n\n<p class=\"wp-block-paragraph\">Tanto el color negro de su vestido como el <em><strong>beauty look<\/strong><\/em> \u2014cabello suelto con raya en el medio y <em>make up<\/em> natural\u2014 han dejado que las joyas elegidas por Macarena brillaran al m\u00e1ximo: dos <strong>piezas <em>riviere<\/em><\/strong> firmadas por RABAT. Unos<strong> pendientes <\/strong>de oro blanco con diamantes en talla pera, y un <strong>collar <\/strong>de oro blanco con una combinaci\u00f3n \u00fanica de diamantes multiforma con una luz que, rodeando el rostro de la actriz, han resaltado a\u00fan m\u00e1s el brillo de su inconfundible mirada cristalina. <\/p>\n\n\n\n<figure class=\"wp-block-image size-full\"><img decoding=\"async\" src=\"https:\/\/www.rabat.net\/es\/magazine\/wp-content\/uploads\/2025\/02\/Boceto-collar-riviere-RABAT-Macarena-Garcia.jpg\" alt=\"\" class=\"wp-image-18791\"\/><figcaption class=\"wp-element-caption\">Boceto del collar <em>riviere<\/em> con diamantes multitalla de la colecci\u00f3n RABAT Red Carpet. <\/figcaption><\/figure>\n\n\n\n<p class=\"wp-block-paragraph\">\u201cPara estos Goya he decidido <strong>confiar en RABAT.<\/strong> Es una cosa que me hace mucha ilusi\u00f3n porque es una firma que me encanta. Llevar estas joyas de RABAT, que hemos elegido, refuerza esta idea y esta sensaci\u00f3n que tengo de <strong>qu\u00e9 suerte estar ah\u00ed, <\/strong>de que es un d\u00eda especial, y yo voy con estas joyas que son tan especiales, que son \u00fanicas\u201d, <a href=\"https:\/\/www.rabat.net\/es\/magazine\/macarena-garcia-su-nominacion-a-los-premios-goya-las-joyas-y-el-cine\">nos cont\u00f3 la actriz unos d\u00edas antes de la gala.<\/a><\/p>\n\n\n\n<p class=\"wp-block-paragraph\"><\/p>\n\n\n<div class=\"lazyblock-products-repeater-Zg01Mr wp-block-lazyblock-products-repeater\"><section id=\"BLOQUES_RABAT_LAZY_2\">\r\n    <img decoding=\"async\" src=\"\/es\/magazine\/wp-content\/uploads\/2024\/03\/Rabat-logo.svg\" alt=\"logo rabat\">\r\n    <div class=\"row\">\r\n            <div class=\"col\">\r\n            <a href=\"https:\/\/www.rabat.net\/es\/collar-riviere-de-oro-blanco-con-diamantes-multiformas-p021519965_1\" class=\"product_item\"><div class=\"product_item\">            <div class=\"box-img\">\r\n              <img decoding=\"async\" src=\"https:\/\/www.rabat.net\/es\/magazine\/wp-content\/uploads\/2025\/02\/collar-riviere-de-oro-blanco-con-diamantes-multiformas-p021519965.webp\" alt=\"Collar riviere de oro blanco con diamantes multiformas RABAT Diamonds\" class=\"img-fluid\">\r\n            <\/div>\r\n            <div class=\"box-info\">\r\n              <p class=\"paragraph\">Collar riviere de oro blanco con diamantes multiformas de la colecci\u00f3n RABAT Diamonds<\/p>\r\n              <button class=\"btn-primary btn-product btn-arrow\">Saber m\u00e1s<\/button>            <\/div>\r\n            <\/a><\/div>        <\/div>\r\n            <div class=\"col\">\r\n            <a href=\"https:\/\/www.rabat.net\/es\/pendientes-riviere-de-oro-blanco-con-diamantes-en-degrade-talla-pera-p518801777\" class=\"product_item\"><div class=\"product_item\">            <div class=\"box-img\">\r\n              <img decoding=\"async\" src=\"https:\/\/www.rabat.net\/es\/magazine\/wp-content\/uploads\/2025\/02\/pendientes-riviere-RABAT.webp\" alt=\"Pendientes rivi\u00e8re de oro blanco con diamantes en degrad\u00e9 talla pera RABAT Diamonds\" class=\"img-fluid\">\r\n            <\/div>\r\n            <div class=\"box-info\">\r\n              <p class=\"paragraph\">Pendientes rivi\u00e8re de oro blanco con diamantes en degrad\u00e9 talla pera de la colecci\u00f3n RABAR Diamonds<\/p>\r\n              <button class=\"btn-primary btn-product btn-arrow\">Saber m\u00e1s<\/button>            <\/div>\r\n            <\/a><\/div>        <\/div>\r\n        <\/div>\r\n  <\/section><\/div>\n\n\n<figure class=\"wp-block-image size-full\"><img decoding=\"async\" width=\"800\" height=\"1200\" src=\"https:\/\/www.rabat.net\/es\/magazine\/wp-content\/uploads\/2025\/02\/macarena-garcia-brilla-con-diamantes-en-los-goyas-2025-rabat-magazine.webp\" alt=\"\" class=\"wp-image-18842\"\/><\/figure>\n\n\n\n<p class=\"wp-block-paragraph\">Momento antes, mientras se preparaba para la noche m\u00e1s m\u00e1gica del a\u00f1o, Macarena llev\u00f3 tambi\u00e9n un <strong>anillo solitario<\/strong> de oro blanco con diamante central y brazo con diamantes de la colecci\u00f3n <strong>RABAT Red Carpet.<\/strong> Una selecci\u00f3n \u00fanica que reafirma la perfecta alianza entre las dos f\u00e1bricas de sue\u00f1os: el cine y las joyas.  <\/p>\n\n\n<div class=\"lazyblock-products-repeater-25sK4P wp-block-lazyblock-products-repeater\"><section id=\"BLOQUES_RABAT_LAZY_1\">\r\n    <img decoding=\"async\" src=\"\/es\/magazine\/wp-content\/uploads\/2024\/03\/Rabat-logo.svg\" alt=\"logo rabat\">\r\n    <div class=\"row\">\r\n            <div class=\"col\">\r\n            <a href=\"https:\/\/www.rabat.net\/es\/anillo-solitario-de-oro-blanco-con-diamante-central-y-brazo-con-diamantes-2\" class=\"product_item\"><div class=\"product_item\">            <div class=\"box-img\">\r\n              <img decoding=\"async\" src=\"https:\/\/www.rabat.net\/es\/magazine\/wp-content\/uploads\/2025\/02\/anillo-solitario-de-oro-blanco-con-diamante-central-y-brazo-con-diamantes-coleccion-rabat-red-carpet-P090001207.webp\" alt=\"Anillo solitario de oro blanco con diamante central y brazo con diamantes RABAT Red Carpet\" class=\"img-fluid\">\r\n            <\/div>\r\n            <div class=\"box-info\">\r\n              <p class=\"paragraph\">Anillo solitario de oro blanco con diamante central y brazo con diamantes de la colecci\u00f3n RABAT Red Carpet<\/p>\r\n              <button class=\"btn-primary btn-product btn-arrow\">Saber m\u00e1s<\/button>            <\/div>\r\n            <\/a><\/div>        <\/div>\r\n        <\/div>\r\n  <\/section><\/div>\n\n\n<figure class=\"wp-block-image size-full\"><img decoding=\"async\" src=\"https:\/\/www.rabat.net\/es\/magazine\/wp-content\/uploads\/2025\/02\/Boceto-anillo-Macarena-Garcia-Goya-2025.jpg\" alt=\"\" class=\"wp-image-18795\"\/><figcaption class=\"wp-element-caption\">Boceto del solitario con diamante en talla marquise de RABAT Red Carpet. <\/figcaption><\/figure>\n\n\n\n<figure class=\"wp-block-image size-full\"><img decoding=\"async\" src=\"https:\/\/www.rabat.net\/es\/magazine\/wp-content\/uploads\/2025\/02\/Vestido-Dior-crucero-2025-de-Macarena-Garcia-1.jpg\" alt=\"\" class=\"wp-image-18777\"\/><figcaption class=\"wp-element-caption\">El vestido que ha llevado Macarena Garc\u00eda en los Goya pertenece a la colecci\u00f3n Cruise 2025 de Dior inspirada en la tradici\u00f3n escocesa.<\/figcaption><\/figure>\n","protected":false},"excerpt":{"rendered":"<p>La actriz madrile\u00f1a ha destacado en la alfombra roja con un vestido negro de terciopelo y exclusivas piezas de diamantes. <\/p>\n","protected":false},"author":9,"featured_media":18782,"comment_status":"closed","ping_status":"closed","sticky":false,"template":"","format":"standard","meta":{"_acf_changed":false,"_crdt_document":"","footnotes":""},"categories":[1],"tags":[],"class_list":["post-18646","post","type-post","status-publish","format-standard","has-post-thumbnail","hentry","category-joyeria"],"acf":[],"yoast_head":"<!-- This site is optimized with the Yoast SEO plugin v27.2 - https:\/\/yoast.com\/product\/yoast-seo-wordpress\/ -->\n<title>Macarena Garc\u00eda brilla en los Goya con joyas de RABAT - RABAT Magazine<\/title>\n<meta name=\"description\" content=\"Macarena Garc\u00eda, nominada a Mejor Actriz de Reparto, en los premios Goya 2025 ha llevado joyas de RABAT con diamantes y oro blanco.\" \/>\n<meta name=\"robots\" content=\"index, follow, max-snippet:-1, max-image-preview:large, max-video-preview:-1\" \/>\n<link rel=\"canonical\" href=\"https:\/\/www.rabat.net\/es\/magazine\/macarena-garcia-joyas-look-premios-goya-2025\" \/>\n<meta property=\"og:locale\" content=\"es_ES\" \/>\n<meta property=\"og:type\" content=\"article\" \/>\n<meta property=\"og:title\" content=\"Macarena Garc\u00eda brilla en los Goya con joyas de RABAT - RABAT Magazine\" \/>\n<meta property=\"og:description\" content=\"Macarena Garc\u00eda, nominada a Mejor Actriz de Reparto, en los premios Goya 2025 ha llevado joyas de RABAT con diamantes y oro blanco.\" \/>\n<meta property=\"og:url\" content=\"https:\/\/www.rabat.net\/es\/magazine\/macarena-garcia-joyas-look-premios-goya-2025\" \/>\n<meta property=\"og:site_name\" content=\"RABAT Magazine\" \/>\n<meta property=\"article:published_time\" content=\"2025-02-08T10:13:29+00:00\" \/>\n<meta property=\"article:modified_time\" content=\"2025-02-27T11:23:12+00:00\" \/>\n<meta property=\"og:image\" content=\"https:\/\/www.rabat.net\/es\/magazine\/wp-content\/uploads\/2025\/02\/Macarena-Garcia-joyas-rabat-Goya2025-2.webp\" \/>\n\t<meta property=\"og:image:width\" content=\"1920\" \/>\n\t<meta property=\"og:image:height\" content=\"1280\" \/>\n\t<meta property=\"og:image:type\" content=\"image\/webp\" \/>\n<meta name=\"author\" content=\"Susana Molina\" \/>\n<meta name=\"twitter:card\" content=\"summary_large_image\" \/>\n<meta name=\"twitter:label1\" content=\"Escrito por\" \/>\n\t<meta name=\"twitter:data1\" content=\"Susana Molina\" \/>\n\t<meta name=\"twitter:label2\" content=\"Tiempo de lectura\" \/>\n\t<meta name=\"twitter:data2\" content=\"4 minutos\" \/>\n<script type=\"application\/ld+json\" class=\"yoast-schema-graph\">{\"@context\":\"https:\/\/schema.org\",\"@graph\":[{\"@type\":\"Article\",\"@id\":\"https:\/\/www.rabat.net\/es\/magazine\/macarena-garcia-joyas-look-premios-goya-2025#article\",\"isPartOf\":{\"@id\":\"https:\/\/www.rabat.net\/es\/magazine\/macarena-garcia-joyas-look-premios-goya-2025\"},\"author\":{\"name\":\"Susana Molina\",\"@id\":\"https:\/\/www.rabat.net\/es\/magazine\/#\/schema\/person\/3aa3277bd9b285bbc670cfce1a24b020\"},\"headline\":\"Macarena Garc\u00eda brilla en los Goya con joyas de RABAT\",\"datePublished\":\"2025-02-08T10:13:29+00:00\",\"dateModified\":\"2025-02-27T11:23:12+00:00\",\"mainEntityOfPage\":{\"@id\":\"https:\/\/www.rabat.net\/es\/magazine\/macarena-garcia-joyas-look-premios-goya-2025\"},\"wordCount\":491,\"publisher\":{\"@id\":\"https:\/\/www.rabat.net\/es\/magazine\/#organization\"},\"image\":{\"@id\":\"https:\/\/www.rabat.net\/es\/magazine\/macarena-garcia-joyas-look-premios-goya-2025#primaryimage\"},\"thumbnailUrl\":\"https:\/\/www.rabat.net\/es\/magazine\/wp-content\/uploads\/2025\/02\/Macarena-Garcia-joyas-rabat-Goya2025-2.webp\",\"articleSection\":[\"Joyas\"],\"inLanguage\":\"es\"},{\"@type\":\"WebPage\",\"@id\":\"https:\/\/www.rabat.net\/es\/magazine\/macarena-garcia-joyas-look-premios-goya-2025\",\"url\":\"https:\/\/www.rabat.net\/es\/magazine\/macarena-garcia-joyas-look-premios-goya-2025\",\"name\":\"Macarena Garc\u00eda brilla en los Goya con joyas de RABAT - RABAT Magazine\",\"isPartOf\":{\"@id\":\"https:\/\/www.rabat.net\/es\/magazine\/#website\"},\"primaryImageOfPage\":{\"@id\":\"https:\/\/www.rabat.net\/es\/magazine\/macarena-garcia-joyas-look-premios-goya-2025#primaryimage\"},\"image\":{\"@id\":\"https:\/\/www.rabat.net\/es\/magazine\/macarena-garcia-joyas-look-premios-goya-2025#primaryimage\"},\"thumbnailUrl\":\"https:\/\/www.rabat.net\/es\/magazine\/wp-content\/uploads\/2025\/02\/Macarena-Garcia-joyas-rabat-Goya2025-2.webp\",\"datePublished\":\"2025-02-08T10:13:29+00:00\",\"dateModified\":\"2025-02-27T11:23:12+00:00\",\"description\":\"Macarena Garc\u00eda, nominada a Mejor Actriz de Reparto, en los premios Goya 2025 ha llevado joyas de RABAT con diamantes y oro blanco.\",\"breadcrumb\":{\"@id\":\"https:\/\/www.rabat.net\/es\/magazine\/macarena-garcia-joyas-look-premios-goya-2025#breadcrumb\"},\"inLanguage\":\"es\",\"potentialAction\":[{\"@type\":\"ReadAction\",\"target\":[\"https:\/\/www.rabat.net\/es\/magazine\/macarena-garcia-joyas-look-premios-goya-2025\"]}]},{\"@type\":\"ImageObject\",\"inLanguage\":\"es\",\"@id\":\"https:\/\/www.rabat.net\/es\/magazine\/macarena-garcia-joyas-look-premios-goya-2025#primaryimage\",\"url\":\"https:\/\/www.rabat.net\/es\/magazine\/wp-content\/uploads\/2025\/02\/Macarena-Garcia-joyas-rabat-Goya2025-2.webp\",\"contentUrl\":\"https:\/\/www.rabat.net\/es\/magazine\/wp-content\/uploads\/2025\/02\/Macarena-Garcia-joyas-rabat-Goya2025-2.webp\",\"width\":1920,\"height\":1280},{\"@type\":\"BreadcrumbList\",\"@id\":\"https:\/\/www.rabat.net\/es\/magazine\/macarena-garcia-joyas-look-premios-goya-2025#breadcrumb\",\"itemListElement\":[{\"@type\":\"ListItem\",\"position\":1,\"name\":\"Home\",\"item\":\"https:\/\/www.rabat.net\/es\/magazine\/\"},{\"@type\":\"ListItem\",\"position\":2,\"name\":\"Macarena Garc\u00eda brilla en los Goya con joyas de RABAT\"}]},{\"@type\":\"WebSite\",\"@id\":\"https:\/\/www.rabat.net\/es\/magazine\/#website\",\"url\":\"https:\/\/www.rabat.net\/es\/magazine\/\",\"name\":\"RABAT Magazine\",\"description\":\"Revista Digital de Joyer\u00eda y Relojer\u00eda\",\"publisher\":{\"@id\":\"https:\/\/www.rabat.net\/es\/magazine\/#organization\"},\"potentialAction\":[{\"@type\":\"SearchAction\",\"target\":{\"@type\":\"EntryPoint\",\"urlTemplate\":\"https:\/\/www.rabat.net\/es\/magazine\/?s={search_term_string}\"},\"query-input\":{\"@type\":\"PropertyValueSpecification\",\"valueRequired\":true,\"valueName\":\"search_term_string\"}}],\"inLanguage\":\"es\"},{\"@type\":\"Organization\",\"@id\":\"https:\/\/www.rabat.net\/es\/magazine\/#organization\",\"name\":\"RABAT Magazine\",\"url\":\"https:\/\/www.rabat.net\/es\/magazine\/\",\"logo\":{\"@type\":\"ImageObject\",\"inLanguage\":\"es\",\"@id\":\"https:\/\/www.rabat.net\/es\/magazine\/#\/schema\/logo\/image\/\",\"url\":\"https:\/\/www.rabat.net\/es\/magazine\/wp-content\/uploads\/2019\/04\/rabat-logotipo-stories.png\",\"contentUrl\":\"https:\/\/www.rabat.net\/es\/magazine\/wp-content\/uploads\/2019\/04\/rabat-logotipo-stories.png\",\"width\":250,\"height\":38,\"caption\":\"RABAT Magazine\"},\"image\":{\"@id\":\"https:\/\/www.rabat.net\/es\/magazine\/#\/schema\/logo\/image\/\"}},{\"@type\":\"Person\",\"@id\":\"https:\/\/www.rabat.net\/es\/magazine\/#\/schema\/person\/3aa3277bd9b285bbc670cfce1a24b020\",\"name\":\"Susana Molina\",\"sameAs\":[\"http:\/\/www.susanamolinacontenidos.com\",\"https:\/\/www.instagram.com\/susanacontenidos\/\"],\"url\":\"https:\/\/www.rabat.net\/es\/magazine\/author\/susana-molina\"}]}<\/script>\n<!-- \/ Yoast SEO plugin. -->","yoast_head_json":{"title":"Macarena Garc\u00eda brilla en los Goya con joyas de RABAT - RABAT Magazine","description":"Macarena Garc\u00eda, nominada a Mejor Actriz de Reparto, en los premios Goya 2025 ha llevado joyas de RABAT con diamantes y oro blanco.","robots":{"index":"index","follow":"follow","max-snippet":"max-snippet:-1","max-image-preview":"max-image-preview:large","max-video-preview":"max-video-preview:-1"},"canonical":"https:\/\/www.rabat.net\/es\/magazine\/macarena-garcia-joyas-look-premios-goya-2025","og_locale":"es_ES","og_type":"article","og_title":"Macarena Garc\u00eda brilla en los Goya con joyas de RABAT - RABAT Magazine","og_description":"Macarena Garc\u00eda, nominada a Mejor Actriz de Reparto, en los premios Goya 2025 ha llevado joyas de RABAT con diamantes y oro blanco.","og_url":"https:\/\/www.rabat.net\/es\/magazine\/macarena-garcia-joyas-look-premios-goya-2025","og_site_name":"RABAT Magazine","article_published_time":"2025-02-08T10:13:29+00:00","article_modified_time":"2025-02-27T11:23:12+00:00","og_image":[{"width":1920,"height":1280,"url":"https:\/\/www.rabat.net\/es\/magazine\/wp-content\/uploads\/2025\/02\/Macarena-Garcia-joyas-rabat-Goya2025-2.webp","type":"image\/webp"}],"author":"Susana Molina","twitter_card":"summary_large_image","twitter_misc":{"Escrito por":"Susana Molina","Tiempo de lectura":"4 minutos"},"schema":{"@context":"https:\/\/schema.org","@graph":[{"@type":"Article","@id":"https:\/\/www.rabat.net\/es\/magazine\/macarena-garcia-joyas-look-premios-goya-2025#article","isPartOf":{"@id":"https:\/\/www.rabat.net\/es\/magazine\/macarena-garcia-joyas-look-premios-goya-2025"},"author":{"name":"Susana Molina","@id":"https:\/\/www.rabat.net\/es\/magazine\/#\/schema\/person\/3aa3277bd9b285bbc670cfce1a24b020"},"headline":"Macarena Garc\u00eda brilla en los Goya con joyas de RABAT","datePublished":"2025-02-08T10:13:29+00:00","dateModified":"2025-02-27T11:23:12+00:00","mainEntityOfPage":{"@id":"https:\/\/www.rabat.net\/es\/magazine\/macarena-garcia-joyas-look-premios-goya-2025"},"wordCount":491,"publisher":{"@id":"https:\/\/www.rabat.net\/es\/magazine\/#organization"},"image":{"@id":"https:\/\/www.rabat.net\/es\/magazine\/macarena-garcia-joyas-look-premios-goya-2025#primaryimage"},"thumbnailUrl":"https:\/\/www.rabat.net\/es\/magazine\/wp-content\/uploads\/2025\/02\/Macarena-Garcia-joyas-rabat-Goya2025-2.webp","articleSection":["Joyas"],"inLanguage":"es"},{"@type":"WebPage","@id":"https:\/\/www.rabat.net\/es\/magazine\/macarena-garcia-joyas-look-premios-goya-2025","url":"https:\/\/www.rabat.net\/es\/magazine\/macarena-garcia-joyas-look-premios-goya-2025","name":"Macarena Garc\u00eda brilla en los Goya con joyas de RABAT - RABAT Magazine","isPartOf":{"@id":"https:\/\/www.rabat.net\/es\/magazine\/#website"},"primaryImageOfPage":{"@id":"https:\/\/www.rabat.net\/es\/magazine\/macarena-garcia-joyas-look-premios-goya-2025#primaryimage"},"image":{"@id":"https:\/\/www.rabat.net\/es\/magazine\/macarena-garcia-joyas-look-premios-goya-2025#primaryimage"},"thumbnailUrl":"https:\/\/www.rabat.net\/es\/magazine\/wp-content\/uploads\/2025\/02\/Macarena-Garcia-joyas-rabat-Goya2025-2.webp","datePublished":"2025-02-08T10:13:29+00:00","dateModified":"2025-02-27T11:23:12+00:00","description":"Macarena Garc\u00eda, nominada a Mejor Actriz de Reparto, en los premios Goya 2025 ha llevado joyas de RABAT con diamantes y oro blanco.","breadcrumb":{"@id":"https:\/\/www.rabat.net\/es\/magazine\/macarena-garcia-joyas-look-premios-goya-2025#breadcrumb"},"inLanguage":"es","potentialAction":[{"@type":"ReadAction","target":["https:\/\/www.rabat.net\/es\/magazine\/macarena-garcia-joyas-look-premios-goya-2025"]}]},{"@type":"ImageObject","inLanguage":"es","@id":"https:\/\/www.rabat.net\/es\/magazine\/macarena-garcia-joyas-look-premios-goya-2025#primaryimage","url":"https:\/\/www.rabat.net\/es\/magazine\/wp-content\/uploads\/2025\/02\/Macarena-Garcia-joyas-rabat-Goya2025-2.webp","contentUrl":"https:\/\/www.rabat.net\/es\/magazine\/wp-content\/uploads\/2025\/02\/Macarena-Garcia-joyas-rabat-Goya2025-2.webp","width":1920,"height":1280},{"@type":"BreadcrumbList","@id":"https:\/\/www.rabat.net\/es\/magazine\/macarena-garcia-joyas-look-premios-goya-2025#breadcrumb","itemListElement":[{"@type":"ListItem","position":1,"name":"Home","item":"https:\/\/www.rabat.net\/es\/magazine\/"},{"@type":"ListItem","position":2,"name":"Macarena Garc\u00eda brilla en los Goya con joyas de RABAT"}]},{"@type":"WebSite","@id":"https:\/\/www.rabat.net\/es\/magazine\/#website","url":"https:\/\/www.rabat.net\/es\/magazine\/","name":"RABAT Magazine","description":"Revista Digital de Joyer\u00eda y Relojer\u00eda","publisher":{"@id":"https:\/\/www.rabat.net\/es\/magazine\/#organization"},"potentialAction":[{"@type":"SearchAction","target":{"@type":"EntryPoint","urlTemplate":"https:\/\/www.rabat.net\/es\/magazine\/?s={search_term_string}"},"query-input":{"@type":"PropertyValueSpecification","valueRequired":true,"valueName":"search_term_string"}}],"inLanguage":"es"},{"@type":"Organization","@id":"https:\/\/www.rabat.net\/es\/magazine\/#organization","name":"RABAT Magazine","url":"https:\/\/www.rabat.net\/es\/magazine\/","logo":{"@type":"ImageObject","inLanguage":"es","@id":"https:\/\/www.rabat.net\/es\/magazine\/#\/schema\/logo\/image\/","url":"https:\/\/www.rabat.net\/es\/magazine\/wp-content\/uploads\/2019\/04\/rabat-logotipo-stories.png","contentUrl":"https:\/\/www.rabat.net\/es\/magazine\/wp-content\/uploads\/2019\/04\/rabat-logotipo-stories.png","width":250,"height":38,"caption":"RABAT Magazine"},"image":{"@id":"https:\/\/www.rabat.net\/es\/magazine\/#\/schema\/logo\/image\/"}},{"@type":"Person","@id":"https:\/\/www.rabat.net\/es\/magazine\/#\/schema\/person\/3aa3277bd9b285bbc670cfce1a24b020","name":"Susana Molina","sameAs":["http:\/\/www.susanamolinacontenidos.com","https:\/\/www.instagram.com\/susanacontenidos\/"],"url":"https:\/\/www.rabat.net\/es\/magazine\/author\/susana-molina"}]}},"_links":{"self":[{"href":"https:\/\/www.rabat.net\/es\/magazine\/wp-json\/wp\/v2\/posts\/18646","targetHints":{"allow":["GET"]}}],"collection":[{"href":"https:\/\/www.rabat.net\/es\/magazine\/wp-json\/wp\/v2\/posts"}],"about":[{"href":"https:\/\/www.rabat.net\/es\/magazine\/wp-json\/wp\/v2\/types\/post"}],"author":[{"embeddable":true,"href":"https:\/\/www.rabat.net\/es\/magazine\/wp-json\/wp\/v2\/users\/9"}],"replies":[{"embeddable":true,"href":"https:\/\/www.rabat.net\/es\/magazine\/wp-json\/wp\/v2\/comments?post=18646"}],"version-history":[{"count":54,"href":"https:\/\/www.rabat.net\/es\/magazine\/wp-json\/wp\/v2\/posts\/18646\/revisions"}],"predecessor-version":[{"id":19155,"href":"https:\/\/www.rabat.net\/es\/magazine\/wp-json\/wp\/v2\/posts\/18646\/revisions\/19155"}],"wp:featuredmedia":[{"embeddable":true,"href":"https:\/\/www.rabat.net\/es\/magazine\/wp-json\/wp\/v2\/media\/18782"}],"wp:attachment":[{"href":"https:\/\/www.rabat.net\/es\/magazine\/wp-json\/wp\/v2\/media?parent=18646"}],"wp:term":[{"taxonomy":"category","embeddable":true,"href":"https:\/\/www.rabat.net\/es\/magazine\/wp-json\/wp\/v2\/categories?post=18646"},{"taxonomy":"post_tag","embeddable":true,"href":"https:\/\/www.rabat.net\/es\/magazine\/wp-json\/wp\/v2\/tags?post=18646"}],"curies":[{"name":"wp","href":"https:\/\/api.w.org\/{rel}","templated":true}]}}