{"id":18731,"date":"2025-02-08T22:59:21","date_gmt":"2025-02-08T22:59:21","guid":{"rendered":"https:\/\/www.rabat.net\/es\/magazine\/?p=18731"},"modified":"2025-02-14T10:20:30","modified_gmt":"2025-02-14T10:20:30","slug":"entre-iconos-y-tendencias-asi-son-las-joyas-mas-espectaculares-de-los-goya","status":"publish","type":"post","link":"https:\/\/www.rabat.net\/es\/magazine\/entre-iconos-y-tendencias-asi-son-las-joyas-mas-espectaculares-de-los-goya","title":{"rendered":"Entre iconos y tendencias: as\u00ed son las joyas m\u00e1s espectaculares de los Goya"},"content":{"rendered":"\n<p class=\"wp-block-paragraph\">Durante la celebraci\u00f3n de los premios Goya de 2023, el actor <strong>Antonio Vel\u00e1zquez<\/strong> propuso organizar la gala en su tierra natal. Dicho y hecho: este a\u00f1o los premios de la Academia de Cine se han trasladado al <strong>Palacio de Exposiciones y Congresos de Granada,<\/strong> donde todas las estrellas han disfrutado de la noche m\u00e1s m\u00e1gica de nuestro cine y en la que, por su puesto, Vel\u00e1zquez quiso participar en la fiesta entregando uno de los galardones junto a Sara S\u00e1lamo. <\/p>\n\n\n\n<p class=\"wp-block-paragraph\">La gala de este a\u00f1o ha estado marcada por momentos emotivos y celebrados, y por la presencia de destacadas personalidades del <strong>cine nacional e internacional:<\/strong> Aitana S\u00e1nchez-Gij\u00f3n ha recibido el Goya de Honor y Richard Gere, el Goya Internacional. Las pel\u00edculas<strong> <em>El 47,<\/em><\/strong><em> <\/em>de Marcel Barrena;<em> <\/em><strong><em>La infiltrada<\/em>, <\/strong>de Arantxa Echevarr\u00eda; y <strong><em>Casa en llamas,<\/em> <\/strong>de Dani de la Orden, han liderado las nominaciones con 14, 13 y 8 candidaturas respectivamente. Pero sobre todo ha habido mucho glamour. <br><br><strong>Clara Segura,<\/strong> ganadora del Goya a Mejor Actriz de Reparto por <em>El 47<\/em>, eligi\u00f3 para la ocasi\u00f3n una interpretaci\u00f3n del <strong>cl\u00e1sico esmoquin,<\/strong> que cambiaba la chaqueta por un cuerpo de escote palabra de honor, superpuesto a una camisa blanca. El mismo binomio en blanco y negro lo traslad\u00f3 a las joyas: su look hizo <em>match<\/em> con las piezas de <strong><a href=\"https:\/\/www.rabat.net\/es\/joyas\/coleccion-icon\/diamantes-negros\">RABAT Black &amp; White,<\/a><\/strong> una colecci\u00f3n que mezcla los diamantes blancos con los negros a trav\u00e9s de piezas artesanales que se han convertido en un icono. Como el <strong>anillo cruzado<\/strong> de oro con rodio negro. <\/p>\n\n\n<div class=\"lazyblock-products-repeater-Z1xt8Jx wp-block-lazyblock-products-repeater\"><section id=\"BLOQUES_RABAT_LAZY_4\">\r\n    <img decoding=\"async\" src=\"\/es\/magazine\/wp-content\/uploads\/2024\/03\/Rabat-logo.svg\" alt=\"logo rabat\">\r\n    <div class=\"row\">\r\n            <div class=\"col\">\r\n            <a href=\"https:\/\/www.rabat.net\/es\/pulsera-riviere-de-oro-blanco-con-diamantes-p008321505\" class=\"product_item\"><div class=\"product_item\">            <div class=\"box-img\">\r\n              <img decoding=\"async\" src=\"https:\/\/www.rabat.net\/es\/magazine\/wp-content\/uploads\/2025\/02\/r15u.jpg\" alt=\"Pulsera riviere de oro blanco con diamantes RABAT Diamonds\" class=\"img-fluid\">\r\n            <\/div>\r\n            <div class=\"box-info\">\r\n              <p class=\"paragraph\">Pulsera riviere de oro blanco con diamantes de la colecci\u00f3n RABAT Diamonds<\/p>\r\n              <button class=\"btn-primary btn-product btn-arrow\">Saber m\u00e1s<\/button>            <\/div>\r\n            <\/a><\/div>        <\/div>\r\n            <div class=\"col\">\r\n            <a href=\"https:\/\/www.rabat.net\/es\/pulsera-riviere-de-oro-rodio-negro-con-diamantes-negros-p518800438\" class=\"product_item\"><div class=\"product_item\">            <div class=\"box-img\">\r\n              <img decoding=\"async\" src=\"https:\/\/www.rabat.net\/es\/magazine\/wp-content\/uploads\/2025\/02\/pulsera-riviere-diamantes-negros-rabat-.webp\" alt=\"Pulsera riviere de oro rodio negro con diamantes negros RABAT Black u0026amp; White\" class=\"img-fluid\">\r\n            <\/div>\r\n            <div class=\"box-info\">\r\n              <p class=\"paragraph\">Pulsera riviere de oro rodio negro con diamantes negros de la colecci\u00f3n RABAT Black and White<\/p>\r\n              <button class=\"btn-primary btn-product btn-arrow\">Saber m\u00e1s<\/button>            <\/div>\r\n            <\/a><\/div>        <\/div>\r\n            <div class=\"col\">\r\n            <a href=\"https:\/\/www.rabat.net\/es\/pendientes-cruzados-de-oro-rodio-negro-con-diamante-central-blanco-y-diamantes-negros-p008322160\" class=\"product_item\"><div class=\"product_item\">            <div class=\"box-img\">\r\n              <img decoding=\"async\" src=\"https:\/\/www.rabat.net\/es\/magazine\/wp-content\/uploads\/2025\/02\/pendientes-diamantes-negros-Rabat.webp\" alt=\"Pendientes cruzados de oro rodio negro con diamante central blanco y diamantes negros RABAT Black u0026amp; White\" class=\"img-fluid\">\r\n            <\/div>\r\n            <div class=\"box-info\">\r\n              <p class=\"paragraph\">Pendientes cruzados de oro rodio negro con diamante central blanco y diamantes negros RABAT Black and White<\/p>\r\n              <button class=\"btn-primary btn-product btn-arrow\">Saber m\u00e1s<\/button>            <\/div>\r\n            <\/a><\/div>        <\/div>\r\n            <div class=\"col\">\r\n            <a href=\"https:\/\/www.rabat.net\/es\/anillo-cruzado-de-oro-con-rodio-negro-con-diamante-central-blanco-y-diamantes-negros-p008322157-14\" class=\"product_item\"><div class=\"product_item\">            <div class=\"box-img\">\r\n              <img decoding=\"async\" src=\"https:\/\/www.rabat.net\/es\/magazine\/wp-content\/uploads\/2025\/02\/Anillo-diamantes-negros-black-and-white-rabat.webp\" alt=\"Anillo cruzado de oro con rodio negro con diamante central blanco y diamantes negros RABAT Black &amp; White\" class=\"img-fluid\">\r\n            <\/div>\r\n            <div class=\"box-info\">\r\n              <p class=\"paragraph\">Anillo cruzado de oro con rodio negro con diamante central blanco y diamantes negros RABAT Black and White<\/p>\r\n              <button class=\"btn-primary btn-product btn-arrow\">Saber m\u00e1s<\/button>            <\/div>\r\n            <\/a><\/div>        <\/div>\r\n        <\/div>\r\n  <\/section><\/div>\n\n\n<p class=\"wp-block-paragraph\"><strong>Enric Auquer,<\/strong> nominado a Mejor Actor de Reparto por <em>Casa en llamas<\/em>, cambi\u00f3 el cl\u00e1sico esmoquin por una combinaci\u00f3n inspirada en las grandes estrellas del cine negro. Con un traje de raya diplom\u00e1tica y <em>trench<\/em>, de Carlota Barrera, el catal\u00e1n opt\u00f3 por una joya<em> <\/em>en sinton\u00eda con su <em>look<\/em>: un <strong>sello de oro rosa <\/strong>con oval central en \u00f3nice de la <strong>colecci\u00f3n masculina<\/strong> de RABAT. <\/p>\n\n\n<div class=\"lazyblock-products-repeater-Z7FcVs wp-block-lazyblock-products-repeater\"><section id=\"BLOQUES_RABAT_LAZY_1\">\r\n    <img decoding=\"async\" src=\"\/es\/magazine\/wp-content\/uploads\/2024\/03\/Rabat-logo.svg\" alt=\"logo rabat\">\r\n    <div class=\"row\">\r\n            <div class=\"col\">\r\n            <a href=\"https:\/\/www.rabat.net\/es\/anillo-sello-onix-p008319956-13\" class=\"product_item\"><div class=\"product_item\">            <div class=\"box-img\">\r\n              <img decoding=\"async\" src=\"https:\/\/www.rabat.net\/es\/magazine\/wp-content\/uploads\/2025\/02\/sello-oro-Rabat.webp\" alt=\"Anillo tipo sello para hombre de oro rosa con forma oval de \u00f3nix\" class=\"img-fluid\">\r\n            <\/div>\r\n            <div class=\"box-info\">\r\n              <p class=\"paragraph\">Anillo de tipo sello para hombre, de oro rosa con forma oval de \u00f3nix<\/p>\r\n              <button class=\"btn-primary btn-product btn-arrow\">Saber m\u00e1s<\/button>            <\/div>\r\n            <\/a><\/div>        <\/div>\r\n        <\/div>\r\n  <\/section><\/div>\n\n\n<p class=\"wp-block-paragraph\">Enric pos\u00f3 en la alfombra roja junto a <strong>Macarena Garc\u00eda, <\/strong>su compa\u00f1era en <em>Casa en llamas<\/em> y nominada a Mejor Actriz de Reparto por su papel de Marta. <a href=\"https:\/\/www.rabat.net\/es\/magazine\/macarena-garcia-joyas-look-premios-goya-2025\">La actriz madrile\u00f1a deslumbr\u00f3 con dos piezas riviere:<\/a> unos pendientes con diamantes en talla pera, de<strong> RABAT Red Carpet,<\/strong> y un collar de diamantes multitalla, de <strong>RABAT Diamonds. <\/strong><\/p>\n\n\n\n<blockquote class=\"instagram-media\" data-instgrm-captioned=\"\" data-instgrm-permalink=\"https:\/\/www.instagram.com\/p\/DF06NTKoGwy\/?utm_source=ig_embed&amp;utm_campaign=loading\" data-instgrm-version=\"14\" style=\" background:#FFF; border:0; border-radius:3px; box-shadow:0 0 1px 0 rgba(0,0,0,0.5),0 1px 10px 0 rgba(0,0,0,0.15); margin: 1px; max-width:540px; min-width:326px; padding:0; width:99.375%; width:-webkit-calc(100% - 2px); width:calc(100% - 2px);\"><div style=\"padding:16px;\"> <a href=\"https:\/\/www.instagram.com\/p\/DF06NTKoGwy\/?utm_source=ig_embed&amp;utm_campaign=loading\" style=\" background:#FFFFFF; line-height:0; padding:0 0; text-align:center; text-decoration:none; width:100%;\" target=\"_blank\" rel=\"noopener\"> <div style=\" display: flex; flex-direction: row; align-items: center;\"> <div style=\"background-color: #F4F4F4; border-radius: 50%; flex-grow: 0; height: 40px; margin-right: 14px; width: 40px;\"><\/div> <div style=\"display: flex; flex-direction: column; flex-grow: 1; justify-content: center;\"> <div style=\" background-color: #F4F4F4; border-radius: 4px; flex-grow: 0; height: 14px; margin-bottom: 6px; width: 100px;\"><\/div> <div style=\" background-color: #F4F4F4; border-radius: 4px; flex-grow: 0; height: 14px; width: 60px;\"><\/div><\/div><\/div><div style=\"padding: 19% 0;\"><\/div> <div style=\"display:block; height:50px; margin:0 auto 12px; width:50px;\"><svg width=\"50px\" height=\"50px\" viewBox=\"0 0 60 60\" version=\"1.1\" xmlns=\"https:\/\/www.w3.org\/2000\/svg\" xmlns:xlink=\"https:\/\/www.w3.org\/1999\/xlink\"><g stroke=\"none\" stroke-width=\"1\" fill=\"none\" fill-rule=\"evenodd\"><g transform=\"translate(-511.000000, -20.000000)\" fill=\"#000000\"><g><path d=\"M556.869,30.41 C554.814,30.41 553.148,32.076 553.148,34.131 C553.148,36.186 554.814,37.852 556.869,37.852 C558.924,37.852 560.59,36.186 560.59,34.131 C560.59,32.076 558.924,30.41 556.869,30.41 M541,60.657 C535.114,60.657 530.342,55.887 530.342,50 C530.342,44.114 535.114,39.342 541,39.342 C546.887,39.342 551.658,44.114 551.658,50 C551.658,55.887 546.887,60.657 541,60.657 M541,33.886 C532.1,33.886 524.886,41.1 524.886,50 C524.886,58.899 532.1,66.113 541,66.113 C549.9,66.113 557.115,58.899 557.115,50 C557.115,41.1 549.9,33.886 541,33.886 M565.378,62.101 C565.244,65.022 564.756,66.606 564.346,67.663 C563.803,69.06 563.154,70.057 562.106,71.106 C561.058,72.155 560.06,72.803 558.662,73.347 C557.607,73.757 556.021,74.244 553.102,74.378 C549.944,74.521 548.997,74.552 541,74.552 C533.003,74.552 532.056,74.521 528.898,74.378 C525.979,74.244 524.393,73.757 523.338,73.347 C521.94,72.803 520.942,72.155 519.894,71.106 C518.846,70.057 518.197,69.06 517.654,67.663 C517.244,66.606 516.755,65.022 516.623,62.101 C516.479,58.943 516.448,57.996 516.448,50 C516.448,42.003 516.479,41.056 516.623,37.899 C516.755,34.978 517.244,33.391 517.654,32.338 C518.197,30.938 518.846,29.942 519.894,28.894 C520.942,27.846 521.94,27.196 523.338,26.654 C524.393,26.244 525.979,25.756 528.898,25.623 C532.057,25.479 533.004,25.448 541,25.448 C548.997,25.448 549.943,25.479 553.102,25.623 C556.021,25.756 557.607,26.244 558.662,26.654 C560.06,27.196 561.058,27.846 562.106,28.894 C563.154,29.942 563.803,30.938 564.346,32.338 C564.756,33.391 565.244,34.978 565.378,37.899 C565.522,41.056 565.552,42.003 565.552,50 C565.552,57.996 565.522,58.943 565.378,62.101 M570.82,37.631 C570.674,34.438 570.167,32.258 569.425,30.349 C568.659,28.377 567.633,26.702 565.965,25.035 C564.297,23.368 562.623,22.342 560.652,21.575 C558.743,20.834 556.562,20.326 553.369,20.18 C550.169,20.033 549.148,20 541,20 C532.853,20 531.831,20.033 528.631,20.18 C525.438,20.326 523.257,20.834 521.349,21.575 C519.376,22.342 517.703,23.368 516.035,25.035 C514.368,26.702 513.342,28.377 512.574,30.349 C511.834,32.258 511.326,34.438 511.181,37.631 C511.035,40.831 511,41.851 511,50 C511,58.147 511.035,59.17 511.181,62.369 C511.326,65.562 511.834,67.743 512.574,69.651 C513.342,71.625 514.368,73.296 516.035,74.965 C517.703,76.634 519.376,77.658 521.349,78.425 C523.257,79.167 525.438,79.673 528.631,79.82 C531.831,79.965 532.853,80.001 541,80.001 C549.148,80.001 550.169,79.965 553.369,79.82 C556.562,79.673 558.743,79.167 560.652,78.425 C562.623,77.658 564.297,76.634 565.965,74.965 C567.633,73.296 568.659,71.625 569.425,69.651 C570.167,67.743 570.674,65.562 570.82,62.369 C570.966,59.17 571,58.147 571,50 C571,41.851 570.966,40.831 570.82,37.631\"><\/path><\/g><\/g><\/g><\/svg><\/div><div style=\"padding-top: 8px;\"> <div style=\" color:#3897f0; font-family:Arial,sans-serif; font-size:14px; font-style:normal; font-weight:550; line-height:18px;\">Ver esta publicaci\u00f3n en Instagram<\/div><\/div><div style=\"padding: 12.5% 0;\"><\/div> <div style=\"display: flex; flex-direction: row; margin-bottom: 14px; align-items: center;\"><div> <div style=\"background-color: #F4F4F4; border-radius: 50%; height: 12.5px; width: 12.5px; transform: translateX(0px) translateY(7px);\"><\/div> <div style=\"background-color: #F4F4F4; height: 12.5px; transform: rotate(-45deg) translateX(3px) translateY(1px); width: 12.5px; flex-grow: 0; margin-right: 14px; margin-left: 2px;\"><\/div> <div style=\"background-color: #F4F4F4; border-radius: 50%; height: 12.5px; width: 12.5px; transform: translateX(9px) translateY(-18px);\"><\/div><\/div><div style=\"margin-left: 8px;\"> <div style=\" background-color: #F4F4F4; border-radius: 50%; flex-grow: 0; height: 20px; width: 20px;\"><\/div> <div style=\" width: 0; height: 0; border-top: 2px solid transparent; border-left: 6px solid #f4f4f4; border-bottom: 2px solid transparent; transform: translateX(16px) translateY(-4px) rotate(30deg)\"><\/div><\/div><div style=\"margin-left: auto;\"> <div style=\" width: 0px; border-top: 8px solid #F4F4F4; border-right: 8px solid transparent; transform: translateY(16px);\"><\/div> <div style=\" background-color: #F4F4F4; flex-grow: 0; height: 12px; width: 16px; transform: translateY(-4px);\"><\/div> <div style=\" width: 0; height: 0; border-top: 8px solid #F4F4F4; border-left: 8px solid transparent; transform: translateY(-4px) translateX(8px);\"><\/div><\/div><\/div> <div style=\"display: flex; flex-direction: column; flex-grow: 1; justify-content: center; margin-bottom: 24px;\"> <div style=\" background-color: #F4F4F4; border-radius: 4px; flex-grow: 0; height: 14px; margin-bottom: 6px; width: 224px;\"><\/div> <div style=\" background-color: #F4F4F4; border-radius: 4px; flex-grow: 0; height: 14px; width: 144px;\"><\/div><\/div><\/a><p style=\" color:#c9c8cd; font-family:Arial,sans-serif; font-size:14px; line-height:17px; margin-bottom:0; margin-top:8px; overflow:hidden; padding:8px 0 7px; text-align:center; text-overflow:ellipsis; white-space:nowrap;\"><a href=\"https:\/\/www.instagram.com\/p\/DF06NTKoGwy\/?utm_source=ig_embed&amp;utm_campaign=loading\" style=\" color:#c9c8cd; font-family:Arial,sans-serif; font-size:14px; font-style:normal; font-weight:normal; line-height:17px; text-decoration:none;\" target=\"_blank\" rel=\"noopener\">Una publicaci\u00f3n compartida de Revista \u00a1HOLA! (@holacom)<\/a><\/p><\/div><\/blockquote>\n<script async=\"\" src=\"\/\/www.instagram.com\/embed.js\"><\/script>\n\n\n\n<p class=\"wp-block-paragraph\">Otra de nuestras actrices m\u00e1s queridas,<strong> Kira Mir\u00f3,<\/strong> acompa\u00f1\u00f3 a su pareja,<strong> Salva Reina,<\/strong> ganador del premio a Mejor Actor de Reparto por <em>El 4<\/em>7. La canaria llev\u00f3 un dise\u00f1o blanco con transparencias y efecto 3D, firmado por Pronovias, que complet\u00f3 su look con unos pendientes de estilo <em>earcuff<\/em>, de oro blanco y diamantes, y un anillo con filas de diamantes multitalla, de la colecci\u00f3n <strong>RABAT Diamonds.  <\/strong><\/p>\n\n\n\n<blockquote class=\"instagram-media\" data-instgrm-captioned=\"\" data-instgrm-permalink=\"https:\/\/www.instagram.com\/reel\/DF08cXHusRK\/?utm_source=ig_embed&amp;utm_campaign=loading\" data-instgrm-version=\"14\" style=\" background:#FFF; border:0; border-radius:3px; box-shadow:0 0 1px 0 rgba(0,0,0,0.5),0 1px 10px 0 rgba(0,0,0,0.15); margin: 1px; max-width:540px; min-width:326px; padding:0; width:99.375%; width:-webkit-calc(100% - 2px); width:calc(100% - 2px);\"><div style=\"padding:16px;\"> <a href=\"https:\/\/www.instagram.com\/reel\/DF08cXHusRK\/?utm_source=ig_embed&amp;utm_campaign=loading\" style=\" background:#FFFFFF; line-height:0; padding:0 0; text-align:center; text-decoration:none; width:100%;\" target=\"_blank\" rel=\"noopener\"> <div style=\" display: flex; flex-direction: row; align-items: center;\"> <div style=\"background-color: #F4F4F4; border-radius: 50%; flex-grow: 0; height: 40px; margin-right: 14px; width: 40px;\"><\/div> <div style=\"display: flex; flex-direction: column; flex-grow: 1; justify-content: center;\"> <div style=\" background-color: #F4F4F4; border-radius: 4px; flex-grow: 0; height: 14px; margin-bottom: 6px; width: 100px;\"><\/div> <div style=\" background-color: #F4F4F4; border-radius: 4px; flex-grow: 0; height: 14px; width: 60px;\"><\/div><\/div><\/div><div style=\"padding: 19% 0;\"><\/div> <div style=\"display:block; height:50px; margin:0 auto 12px; width:50px;\"><svg width=\"50px\" height=\"50px\" viewBox=\"0 0 60 60\" version=\"1.1\" xmlns=\"https:\/\/www.w3.org\/2000\/svg\" xmlns:xlink=\"https:\/\/www.w3.org\/1999\/xlink\"><g stroke=\"none\" stroke-width=\"1\" fill=\"none\" fill-rule=\"evenodd\"><g transform=\"translate(-511.000000, -20.000000)\" fill=\"#000000\"><g><path d=\"M556.869,30.41 C554.814,30.41 553.148,32.076 553.148,34.131 C553.148,36.186 554.814,37.852 556.869,37.852 C558.924,37.852 560.59,36.186 560.59,34.131 C560.59,32.076 558.924,30.41 556.869,30.41 M541,60.657 C535.114,60.657 530.342,55.887 530.342,50 C530.342,44.114 535.114,39.342 541,39.342 C546.887,39.342 551.658,44.114 551.658,50 C551.658,55.887 546.887,60.657 541,60.657 M541,33.886 C532.1,33.886 524.886,41.1 524.886,50 C524.886,58.899 532.1,66.113 541,66.113 C549.9,66.113 557.115,58.899 557.115,50 C557.115,41.1 549.9,33.886 541,33.886 M565.378,62.101 C565.244,65.022 564.756,66.606 564.346,67.663 C563.803,69.06 563.154,70.057 562.106,71.106 C561.058,72.155 560.06,72.803 558.662,73.347 C557.607,73.757 556.021,74.244 553.102,74.378 C549.944,74.521 548.997,74.552 541,74.552 C533.003,74.552 532.056,74.521 528.898,74.378 C525.979,74.244 524.393,73.757 523.338,73.347 C521.94,72.803 520.942,72.155 519.894,71.106 C518.846,70.057 518.197,69.06 517.654,67.663 C517.244,66.606 516.755,65.022 516.623,62.101 C516.479,58.943 516.448,57.996 516.448,50 C516.448,42.003 516.479,41.056 516.623,37.899 C516.755,34.978 517.244,33.391 517.654,32.338 C518.197,30.938 518.846,29.942 519.894,28.894 C520.942,27.846 521.94,27.196 523.338,26.654 C524.393,26.244 525.979,25.756 528.898,25.623 C532.057,25.479 533.004,25.448 541,25.448 C548.997,25.448 549.943,25.479 553.102,25.623 C556.021,25.756 557.607,26.244 558.662,26.654 C560.06,27.196 561.058,27.846 562.106,28.894 C563.154,29.942 563.803,30.938 564.346,32.338 C564.756,33.391 565.244,34.978 565.378,37.899 C565.522,41.056 565.552,42.003 565.552,50 C565.552,57.996 565.522,58.943 565.378,62.101 M570.82,37.631 C570.674,34.438 570.167,32.258 569.425,30.349 C568.659,28.377 567.633,26.702 565.965,25.035 C564.297,23.368 562.623,22.342 560.652,21.575 C558.743,20.834 556.562,20.326 553.369,20.18 C550.169,20.033 549.148,20 541,20 C532.853,20 531.831,20.033 528.631,20.18 C525.438,20.326 523.257,20.834 521.349,21.575 C519.376,22.342 517.703,23.368 516.035,25.035 C514.368,26.702 513.342,28.377 512.574,30.349 C511.834,32.258 511.326,34.438 511.181,37.631 C511.035,40.831 511,41.851 511,50 C511,58.147 511.035,59.17 511.181,62.369 C511.326,65.562 511.834,67.743 512.574,69.651 C513.342,71.625 514.368,73.296 516.035,74.965 C517.703,76.634 519.376,77.658 521.349,78.425 C523.257,79.167 525.438,79.673 528.631,79.82 C531.831,79.965 532.853,80.001 541,80.001 C549.148,80.001 550.169,79.965 553.369,79.82 C556.562,79.673 558.743,79.167 560.652,78.425 C562.623,77.658 564.297,76.634 565.965,74.965 C567.633,73.296 568.659,71.625 569.425,69.651 C570.167,67.743 570.674,65.562 570.82,62.369 C570.966,59.17 571,58.147 571,50 C571,41.851 570.966,40.831 570.82,37.631\"><\/path><\/g><\/g><\/g><\/svg><\/div><div style=\"padding-top: 8px;\"> <div style=\" color:#3897f0; font-family:Arial,sans-serif; font-size:14px; font-style:normal; font-weight:550; line-height:18px;\">Ver esta publicaci\u00f3n en Instagram<\/div><\/div><div style=\"padding: 12.5% 0;\"><\/div> <div style=\"display: flex; flex-direction: row; margin-bottom: 14px; align-items: center;\"><div> <div style=\"background-color: #F4F4F4; border-radius: 50%; height: 12.5px; width: 12.5px; transform: translateX(0px) translateY(7px);\"><\/div> <div style=\"background-color: #F4F4F4; height: 12.5px; transform: rotate(-45deg) translateX(3px) translateY(1px); width: 12.5px; flex-grow: 0; margin-right: 14px; margin-left: 2px;\"><\/div> <div style=\"background-color: #F4F4F4; border-radius: 50%; height: 12.5px; width: 12.5px; transform: translateX(9px) translateY(-18px);\"><\/div><\/div><div style=\"margin-left: 8px;\"> <div style=\" background-color: #F4F4F4; border-radius: 50%; flex-grow: 0; height: 20px; width: 20px;\"><\/div> <div style=\" width: 0; height: 0; border-top: 2px solid transparent; border-left: 6px solid #f4f4f4; border-bottom: 2px solid transparent; transform: translateX(16px) translateY(-4px) rotate(30deg)\"><\/div><\/div><div style=\"margin-left: auto;\"> <div style=\" width: 0px; border-top: 8px solid #F4F4F4; border-right: 8px solid transparent; transform: translateY(16px);\"><\/div> <div style=\" background-color: #F4F4F4; flex-grow: 0; height: 12px; width: 16px; transform: translateY(-4px);\"><\/div> <div style=\" width: 0; height: 0; border-top: 8px solid #F4F4F4; border-left: 8px solid transparent; transform: translateY(-4px) translateX(8px);\"><\/div><\/div><\/div> <div style=\"display: flex; flex-direction: column; flex-grow: 1; justify-content: center; margin-bottom: 24px;\"> <div style=\" background-color: #F4F4F4; border-radius: 4px; flex-grow: 0; height: 14px; margin-bottom: 6px; width: 224px;\"><\/div> <div style=\" background-color: #F4F4F4; border-radius: 4px; flex-grow: 0; height: 14px; width: 144px;\"><\/div><\/div><\/a><p style=\" color:#c9c8cd; font-family:Arial,sans-serif; font-size:14px; line-height:17px; margin-bottom:0; margin-top:8px; overflow:hidden; padding:8px 0 7px; text-align:center; text-overflow:ellipsis; white-space:nowrap;\"><a href=\"https:\/\/www.instagram.com\/reel\/DF08cXHusRK\/?utm_source=ig_embed&amp;utm_campaign=loading\" style=\" color:#c9c8cd; font-family:Arial,sans-serif; font-size:14px; font-style:normal; font-weight:normal; line-height:17px; text-decoration:none;\" target=\"_blank\" rel=\"noopener\">Una publicaci\u00f3n compartida de ELLE Espan\u0303a (@elle_spain)<\/a><\/p><\/div><\/blockquote>\n<script async=\"\" src=\"\/\/www.instagram.com\/embed.js\"><\/script>\n\n\n<div class=\"lazyblock-products-repeater-1Xj3AL wp-block-lazyblock-products-repeater\"><section id=\"BLOQUES_RABAT_LAZY_2\">\r\n    <img decoding=\"async\" src=\"\/es\/magazine\/wp-content\/uploads\/2024\/03\/Rabat-logo.svg\" alt=\"logo rabat\">\r\n    <div class=\"row\">\r\n            <div class=\"col\">\r\n            <a href=\"https:\/\/www.rabat.net\/es\/pendientes-de-oro-blanco-con-diamantes-2-p021512607\" class=\"product_item\"><div class=\"product_item\">            <div class=\"box-img\">\r\n              <img decoding=\"async\" src=\"https:\/\/www.rabat.net\/es\/magazine\/wp-content\/uploads\/2025\/02\/pendientes-oro-blanco-con-diamantes-de-RABAT.webp\" alt=\"Pendientes de oro blanco con diamantes RABAT Diamonds\" class=\"img-fluid\">\r\n            <\/div>\r\n            <div class=\"box-info\">\r\n              <p class=\"paragraph\">Pendientes de oro blanco con diamantes de la colecci\u00f3n RABAT Diamonds<\/p>\r\n              <button class=\"btn-primary btn-product btn-arrow\">Saber m\u00e1s<\/button>            <\/div>\r\n            <\/a><\/div>        <\/div>\r\n            <div class=\"col\">\r\n            <a href=\"https:\/\/www.rabat.net\/es\/anillo-de-oro-blanco-con-filas-de-diamantes-multitalla-p150219084-14\" class=\"product_item\"><div class=\"product_item\">            <div class=\"box-img\">\r\n              <img decoding=\"async\" src=\"https:\/\/www.rabat.net\/es\/magazine\/wp-content\/uploads\/2025\/02\/Anillo-diamantes-RABAT-Goya-2025.webp\" alt=\"Anillo de oro blanco con filas de diamantes multitalla RABAT Diamonds\" class=\"img-fluid\">\r\n            <\/div>\r\n            <div class=\"box-info\">\r\n              <p class=\"paragraph\">Anillo de oro blanco con filas de diamantes multitalla colecci\u00f3n RABAT Diamonds<\/p>\r\n              <button class=\"btn-primary btn-product btn-arrow\">Saber m\u00e1s<\/button>            <\/div>\r\n            <\/a><\/div>        <\/div>\r\n        <\/div>\r\n  <\/section><\/div>\n\n\n<p class=\"wp-block-paragraph\">Tampoco quiso perderse la cita el escritor <strong>Javier Castillo,<\/strong> que combin\u00f3 un esmoquin de Giorgio Armani con unos gemelos de oro rosa de RABAT, y acudi\u00f3 junto a su mujer, <strong>Ver\u00f3nica D\u00edaz.<\/strong> La malague\u00f1a, muy elegante, opt\u00f3 por un vestido rojo con escote <em>halter<\/em> de la firma de novias e invitadas Silvia Fern\u00e1ndez Atelier, que acompa\u00f1\u00f3 con un <strong>brazalete en espiral,<\/strong> de oro rosa con pav\u00e9 de diamantes, de la colecci\u00f3n <strong>Evergold;<\/strong> y pendientes y anillos de oro rosa y diamantes, de RABAT.  <\/p>\n\n\n\n<blockquote class=\"instagram-media\" data-instgrm-captioned=\"\" data-instgrm-permalink=\"https:\/\/www.instagram.com\/p\/DF0ofgbC1X1\/?utm_source=ig_embed&amp;utm_campaign=loading\" data-instgrm-version=\"14\" style=\"background:#FFF;border:0;border-radius:3px;margin: 1px;max-width:540px;min-width:326px;padding:0;width:99.375%;width:-webkit-calc(100% - 2px);width:calc(100% - 2px)\"><div style=\"padding:16px\"> <a href=\"https:\/\/www.instagram.com\/p\/DF0ofgbC1X1\/?utm_source=ig_embed&amp;utm_campaign=loading\" style=\"background:#FFFFFF;line-height:0;padding:0 0;text-align:center;text-decoration:none;width:100%\" target=\"_blank\" rel=\"noopener\"> <div style=\"flex-direction: row;align-items: center\"> <div style=\"background-color: #F4F4F4;border-radius: 50%;flex-grow: 0;height: 40px;margin-right: 14px;width: 40px\"><\/div> <div style=\"flex-direction: column;flex-grow: 1;justify-content: center\"> <div style=\"background-color: #F4F4F4;border-radius: 4px;flex-grow: 0;height: 14px;margin-bottom: 6px;width: 100px\"><\/div> <div style=\"background-color: #F4F4F4;border-radius: 4px;flex-grow: 0;height: 14px;width: 60px\"><\/div><\/div><\/div><div style=\"padding: 19% 0\"><\/div> <div style=\"height:50px;margin:0 auto 12px;width:50px\"><\/div><div style=\"padding-top: 8px\"> <div style=\"color:#3897f0;font-family:Arial,sans-serif;font-size:14px;font-style:normal;font-weight:550;line-height:18px\">Ver esta publicaci\u00f3n en Instagram<\/div><\/div><div style=\"padding: 12.5% 0\"><\/div> <div style=\"flex-direction: row;margin-bottom: 14px;align-items: center\"><div> <div style=\"background-color: #F4F4F4;border-radius: 50%;height: 12.5px;width: 12.5px\"><\/div> <div style=\"background-color: #F4F4F4;height: 12.5px;width: 12.5px;flex-grow: 0;margin-right: 14px;margin-left: 2px\"><\/div> <div style=\"background-color: #F4F4F4;border-radius: 50%;height: 12.5px;width: 12.5px\"><\/div><\/div><div style=\"margin-left: 8px\"> <div style=\"background-color: #F4F4F4;border-radius: 50%;flex-grow: 0;height: 20px;width: 20px\"><\/div> <div style=\"width: 0;height: 0;border-top: 2px solid transparent;border-left: 6px solid #f4f4f4;border-bottom: 2px solid transparent\"><\/div><\/div><div style=\"margin-left: auto\"> <div style=\"width: 0px;border-top: 8px solid #F4F4F4;border-right: 8px solid transparent\"><\/div> <div style=\"background-color: #F4F4F4;flex-grow: 0;height: 12px;width: 16px\"><\/div> <div style=\"width: 0;height: 0;border-top: 8px solid #F4F4F4;border-left: 8px solid transparent\"><\/div><\/div><\/div> <div style=\"flex-direction: column;flex-grow: 1;justify-content: center;margin-bottom: 24px\"> <div style=\"background-color: #F4F4F4;border-radius: 4px;flex-grow: 0;height: 14px;margin-bottom: 6px;width: 224px\"><\/div> <div style=\"background-color: #F4F4F4;border-radius: 4px;flex-grow: 0;height: 14px;width: 144px\"><\/div><\/div><\/a><p style=\"color:#c9c8cd;font-family:Arial,sans-serif;font-size:14px;line-height:17px;margin-bottom:0;margin-top:8px;overflow:hidden;padding:8px 0 7px;text-align:center\"><a href=\"https:\/\/www.instagram.com\/p\/DF0ofgbC1X1\/?utm_source=ig_embed&amp;utm_campaign=loading\" style=\"color:#c9c8cd;font-family:Arial,sans-serif;font-size:14px;font-style:normal;font-weight:normal;line-height:17px;text-decoration:none\" target=\"_blank\" rel=\"noopener\">Una publicaci\u00f3n compartida por Javier Castillo (@javiercordura)<\/a><\/p><\/div><\/blockquote>\n\n\n<div class=\"lazyblock-products-repeater-1GvGdk wp-block-lazyblock-products-repeater\"><section id=\"BLOQUES_RABAT_LAZY_2\">\r\n    <img decoding=\"async\" src=\"\/es\/magazine\/wp-content\/uploads\/2024\/03\/Rabat-logo.svg\" alt=\"logo rabat\">\r\n    <div class=\"row\">\r\n            <div class=\"col\">\r\n            <a href=\"https:\/\/www.rabat.net\/es\/gemelos-rabat-de-oro-rosa-para-hombre-p008317461\" class=\"product_item\"><div class=\"product_item\">            <div class=\"box-img\">\r\n              <img decoding=\"async\" src=\"https:\/\/www.rabat.net\/es\/magazine\/wp-content\/uploads\/2025\/02\/Gemelos-oro-rosa-Rabat.webp\" alt=\"Gemelos para hombre de oro rosa RABAT\" class=\"img-fluid\">\r\n            <\/div>\r\n            <div class=\"box-info\">\r\n              <p class=\"paragraph\">Gemelos para hombre de oro rosa RABAT<\/p>\r\n              <button class=\"btn-primary btn-product btn-arrow\">Saber m\u00e1s<\/button>            <\/div>\r\n            <\/a><\/div>        <\/div>\r\n            <div class=\"col\">\r\n            <a href=\"https:\/\/www.rabat.net\/es\/pulsera-tubogas-espiral-de-oro-rosa-con-diamantes-p076700342\" class=\"product_item\"><div class=\"product_item\">            <div class=\"box-img\">\r\n              <img decoding=\"async\" src=\"https:\/\/www.rabat.net\/es\/magazine\/wp-content\/uploads\/2025\/02\/pulsera-oro-espiral-RABAT.jpg\" alt=\"Pulsera tubogas espiral de oro rosa con diamantes RABAT Evergold\" class=\"img-fluid\">\r\n            <\/div>\r\n            <div class=\"box-info\">\r\n              <p class=\"paragraph\">Pulsera tubogas espiral de oro rosa con diamantes RABAT Evergold<\/p>\r\n              <button class=\"btn-primary btn-product btn-arrow\">Saber m\u00e1s<\/button>            <\/div>\r\n            <\/a><\/div>        <\/div>\r\n        <\/div>\r\n  <\/section><\/div>","protected":false},"excerpt":{"rendered":"<p>Kira Mir\u00f3, Enric Auquer, Clara Segura, Ver\u00f3nica D\u00edaz y Javier Castillo eligen RABAT para deslumbrar en una noche m\u00e1gica. <\/p>\n","protected":false},"author":9,"featured_media":18831,"comment_status":"closed","ping_status":"closed","sticky":false,"template":"","format":"standard","meta":{"_acf_changed":false,"_crdt_document":"","footnotes":""},"categories":[1],"tags":[],"class_list":["post-18731","post","type-post","status-publish","format-standard","has-post-thumbnail","hentry","category-joyeria"],"acf":[],"yoast_head":"<!-- This site is optimized with the Yoast SEO plugin v27.2 - https:\/\/yoast.com\/product\/yoast-seo-wordpress\/ -->\n<title>Entre iconos y tendencias: as\u00ed son las joyas m\u00e1s espectaculares de los Goya - RABAT Magazine<\/title>\n<meta name=\"description\" content=\"Kira Mir\u00f3, Enric Auquer, Clara Segura, Ver\u00f3nica D\u00edaz y Javier Castillo eligen RABAT para deslumbrar en una noche m\u00e1gica.\" \/>\n<meta name=\"robots\" content=\"index, follow, max-snippet:-1, max-image-preview:large, max-video-preview:-1\" \/>\n<link rel=\"canonical\" href=\"https:\/\/www.rabat.net\/es\/magazine\/entre-iconos-y-tendencias-asi-son-las-joyas-mas-espectaculares-de-los-goya\" \/>\n<meta property=\"og:locale\" content=\"es_ES\" \/>\n<meta property=\"og:type\" content=\"article\" \/>\n<meta property=\"og:title\" content=\"Entre iconos y tendencias: as\u00ed son las joyas m\u00e1s espectaculares de los Goya - RABAT Magazine\" \/>\n<meta property=\"og:description\" content=\"Kira Mir\u00f3, Enric Auquer, Clara Segura, Ver\u00f3nica D\u00edaz y Javier Castillo eligen RABAT para deslumbrar en una noche m\u00e1gica.\" \/>\n<meta property=\"og:url\" content=\"https:\/\/www.rabat.net\/es\/magazine\/entre-iconos-y-tendencias-asi-son-las-joyas-mas-espectaculares-de-los-goya\" \/>\n<meta property=\"og:site_name\" content=\"RABAT Magazine\" \/>\n<meta property=\"article:published_time\" content=\"2025-02-08T22:59:21+00:00\" \/>\n<meta property=\"article:modified_time\" content=\"2025-02-14T10:20:30+00:00\" \/>\n<meta property=\"og:image\" content=\"https:\/\/www.rabat.net\/es\/magazine\/wp-content\/uploads\/2025\/02\/Clara-Segura-RABAT-Goya-2025.webp\" \/>\n\t<meta property=\"og:image:width\" content=\"1920\" \/>\n\t<meta property=\"og:image:height\" content=\"1280\" \/>\n\t<meta property=\"og:image:type\" content=\"image\/webp\" \/>\n<meta name=\"author\" content=\"Susana Molina\" \/>\n<meta name=\"twitter:card\" content=\"summary_large_image\" \/>\n<meta name=\"twitter:label1\" content=\"Escrito por\" \/>\n\t<meta name=\"twitter:data1\" content=\"Susana Molina\" \/>\n\t<meta name=\"twitter:label2\" content=\"Tiempo de lectura\" \/>\n\t<meta name=\"twitter:data2\" content=\"3 minutos\" \/>\n<script type=\"application\/ld+json\" class=\"yoast-schema-graph\">{\"@context\":\"https:\/\/schema.org\",\"@graph\":[{\"@type\":\"Article\",\"@id\":\"https:\/\/www.rabat.net\/es\/magazine\/entre-iconos-y-tendencias-asi-son-las-joyas-mas-espectaculares-de-los-goya#article\",\"isPartOf\":{\"@id\":\"https:\/\/www.rabat.net\/es\/magazine\/entre-iconos-y-tendencias-asi-son-las-joyas-mas-espectaculares-de-los-goya\"},\"author\":{\"name\":\"Susana Molina\",\"@id\":\"https:\/\/www.rabat.net\/es\/magazine\/#\/schema\/person\/3aa3277bd9b285bbc670cfce1a24b020\"},\"headline\":\"Entre iconos y tendencias: as\u00ed son las joyas m\u00e1s espectaculares de los Goya\",\"datePublished\":\"2025-02-08T22:59:21+00:00\",\"dateModified\":\"2025-02-14T10:20:30+00:00\",\"mainEntityOfPage\":{\"@id\":\"https:\/\/www.rabat.net\/es\/magazine\/entre-iconos-y-tendencias-asi-son-las-joyas-mas-espectaculares-de-los-goya\"},\"wordCount\":608,\"publisher\":{\"@id\":\"https:\/\/www.rabat.net\/es\/magazine\/#organization\"},\"image\":{\"@id\":\"https:\/\/www.rabat.net\/es\/magazine\/entre-iconos-y-tendencias-asi-son-las-joyas-mas-espectaculares-de-los-goya#primaryimage\"},\"thumbnailUrl\":\"https:\/\/www.rabat.net\/es\/magazine\/wp-content\/uploads\/2025\/02\/Clara-Segura-RABAT-Goya-2025.webp\",\"articleSection\":[\"Joyas\"],\"inLanguage\":\"es\"},{\"@type\":\"WebPage\",\"@id\":\"https:\/\/www.rabat.net\/es\/magazine\/entre-iconos-y-tendencias-asi-son-las-joyas-mas-espectaculares-de-los-goya\",\"url\":\"https:\/\/www.rabat.net\/es\/magazine\/entre-iconos-y-tendencias-asi-son-las-joyas-mas-espectaculares-de-los-goya\",\"name\":\"Entre iconos y tendencias: as\u00ed son las joyas m\u00e1s espectaculares de los Goya - RABAT Magazine\",\"isPartOf\":{\"@id\":\"https:\/\/www.rabat.net\/es\/magazine\/#website\"},\"primaryImageOfPage\":{\"@id\":\"https:\/\/www.rabat.net\/es\/magazine\/entre-iconos-y-tendencias-asi-son-las-joyas-mas-espectaculares-de-los-goya#primaryimage\"},\"image\":{\"@id\":\"https:\/\/www.rabat.net\/es\/magazine\/entre-iconos-y-tendencias-asi-son-las-joyas-mas-espectaculares-de-los-goya#primaryimage\"},\"thumbnailUrl\":\"https:\/\/www.rabat.net\/es\/magazine\/wp-content\/uploads\/2025\/02\/Clara-Segura-RABAT-Goya-2025.webp\",\"datePublished\":\"2025-02-08T22:59:21+00:00\",\"dateModified\":\"2025-02-14T10:20:30+00:00\",\"description\":\"Kira Mir\u00f3, Enric Auquer, Clara Segura, Ver\u00f3nica D\u00edaz y Javier Castillo eligen RABAT para deslumbrar en una noche m\u00e1gica.\",\"breadcrumb\":{\"@id\":\"https:\/\/www.rabat.net\/es\/magazine\/entre-iconos-y-tendencias-asi-son-las-joyas-mas-espectaculares-de-los-goya#breadcrumb\"},\"inLanguage\":\"es\",\"potentialAction\":[{\"@type\":\"ReadAction\",\"target\":[\"https:\/\/www.rabat.net\/es\/magazine\/entre-iconos-y-tendencias-asi-son-las-joyas-mas-espectaculares-de-los-goya\"]}]},{\"@type\":\"ImageObject\",\"inLanguage\":\"es\",\"@id\":\"https:\/\/www.rabat.net\/es\/magazine\/entre-iconos-y-tendencias-asi-son-las-joyas-mas-espectaculares-de-los-goya#primaryimage\",\"url\":\"https:\/\/www.rabat.net\/es\/magazine\/wp-content\/uploads\/2025\/02\/Clara-Segura-RABAT-Goya-2025.webp\",\"contentUrl\":\"https:\/\/www.rabat.net\/es\/magazine\/wp-content\/uploads\/2025\/02\/Clara-Segura-RABAT-Goya-2025.webp\",\"width\":1920,\"height\":1280},{\"@type\":\"BreadcrumbList\",\"@id\":\"https:\/\/www.rabat.net\/es\/magazine\/entre-iconos-y-tendencias-asi-son-las-joyas-mas-espectaculares-de-los-goya#breadcrumb\",\"itemListElement\":[{\"@type\":\"ListItem\",\"position\":1,\"name\":\"Home\",\"item\":\"https:\/\/www.rabat.net\/es\/magazine\/\"},{\"@type\":\"ListItem\",\"position\":2,\"name\":\"Entre iconos y tendencias: as\u00ed son las joyas m\u00e1s espectaculares de los Goya\"}]},{\"@type\":\"WebSite\",\"@id\":\"https:\/\/www.rabat.net\/es\/magazine\/#website\",\"url\":\"https:\/\/www.rabat.net\/es\/magazine\/\",\"name\":\"RABAT Magazine\",\"description\":\"Revista Digital de Joyer\u00eda y Relojer\u00eda\",\"publisher\":{\"@id\":\"https:\/\/www.rabat.net\/es\/magazine\/#organization\"},\"potentialAction\":[{\"@type\":\"SearchAction\",\"target\":{\"@type\":\"EntryPoint\",\"urlTemplate\":\"https:\/\/www.rabat.net\/es\/magazine\/?s={search_term_string}\"},\"query-input\":{\"@type\":\"PropertyValueSpecification\",\"valueRequired\":true,\"valueName\":\"search_term_string\"}}],\"inLanguage\":\"es\"},{\"@type\":\"Organization\",\"@id\":\"https:\/\/www.rabat.net\/es\/magazine\/#organization\",\"name\":\"RABAT Magazine\",\"url\":\"https:\/\/www.rabat.net\/es\/magazine\/\",\"logo\":{\"@type\":\"ImageObject\",\"inLanguage\":\"es\",\"@id\":\"https:\/\/www.rabat.net\/es\/magazine\/#\/schema\/logo\/image\/\",\"url\":\"https:\/\/www.rabat.net\/es\/magazine\/wp-content\/uploads\/2019\/04\/rabat-logotipo-stories.png\",\"contentUrl\":\"https:\/\/www.rabat.net\/es\/magazine\/wp-content\/uploads\/2019\/04\/rabat-logotipo-stories.png\",\"width\":250,\"height\":38,\"caption\":\"RABAT Magazine\"},\"image\":{\"@id\":\"https:\/\/www.rabat.net\/es\/magazine\/#\/schema\/logo\/image\/\"}},{\"@type\":\"Person\",\"@id\":\"https:\/\/www.rabat.net\/es\/magazine\/#\/schema\/person\/3aa3277bd9b285bbc670cfce1a24b020\",\"name\":\"Susana Molina\",\"sameAs\":[\"http:\/\/www.susanamolinacontenidos.com\",\"https:\/\/www.instagram.com\/susanacontenidos\/\"],\"url\":\"https:\/\/www.rabat.net\/es\/magazine\/author\/susana-molina\"}]}<\/script>\n<!-- \/ Yoast SEO plugin. -->","yoast_head_json":{"title":"Entre iconos y tendencias: as\u00ed son las joyas m\u00e1s espectaculares de los Goya - RABAT Magazine","description":"Kira Mir\u00f3, Enric Auquer, Clara Segura, Ver\u00f3nica D\u00edaz y Javier Castillo eligen RABAT para deslumbrar en una noche m\u00e1gica.","robots":{"index":"index","follow":"follow","max-snippet":"max-snippet:-1","max-image-preview":"max-image-preview:large","max-video-preview":"max-video-preview:-1"},"canonical":"https:\/\/www.rabat.net\/es\/magazine\/entre-iconos-y-tendencias-asi-son-las-joyas-mas-espectaculares-de-los-goya","og_locale":"es_ES","og_type":"article","og_title":"Entre iconos y tendencias: as\u00ed son las joyas m\u00e1s espectaculares de los Goya - RABAT Magazine","og_description":"Kira Mir\u00f3, Enric Auquer, Clara Segura, Ver\u00f3nica D\u00edaz y Javier Castillo eligen RABAT para deslumbrar en una noche m\u00e1gica.","og_url":"https:\/\/www.rabat.net\/es\/magazine\/entre-iconos-y-tendencias-asi-son-las-joyas-mas-espectaculares-de-los-goya","og_site_name":"RABAT Magazine","article_published_time":"2025-02-08T22:59:21+00:00","article_modified_time":"2025-02-14T10:20:30+00:00","og_image":[{"width":1920,"height":1280,"url":"https:\/\/www.rabat.net\/es\/magazine\/wp-content\/uploads\/2025\/02\/Clara-Segura-RABAT-Goya-2025.webp","type":"image\/webp"}],"author":"Susana Molina","twitter_card":"summary_large_image","twitter_misc":{"Escrito por":"Susana Molina","Tiempo de lectura":"3 minutos"},"schema":{"@context":"https:\/\/schema.org","@graph":[{"@type":"Article","@id":"https:\/\/www.rabat.net\/es\/magazine\/entre-iconos-y-tendencias-asi-son-las-joyas-mas-espectaculares-de-los-goya#article","isPartOf":{"@id":"https:\/\/www.rabat.net\/es\/magazine\/entre-iconos-y-tendencias-asi-son-las-joyas-mas-espectaculares-de-los-goya"},"author":{"name":"Susana Molina","@id":"https:\/\/www.rabat.net\/es\/magazine\/#\/schema\/person\/3aa3277bd9b285bbc670cfce1a24b020"},"headline":"Entre iconos y tendencias: as\u00ed son las joyas m\u00e1s espectaculares de los Goya","datePublished":"2025-02-08T22:59:21+00:00","dateModified":"2025-02-14T10:20:30+00:00","mainEntityOfPage":{"@id":"https:\/\/www.rabat.net\/es\/magazine\/entre-iconos-y-tendencias-asi-son-las-joyas-mas-espectaculares-de-los-goya"},"wordCount":608,"publisher":{"@id":"https:\/\/www.rabat.net\/es\/magazine\/#organization"},"image":{"@id":"https:\/\/www.rabat.net\/es\/magazine\/entre-iconos-y-tendencias-asi-son-las-joyas-mas-espectaculares-de-los-goya#primaryimage"},"thumbnailUrl":"https:\/\/www.rabat.net\/es\/magazine\/wp-content\/uploads\/2025\/02\/Clara-Segura-RABAT-Goya-2025.webp","articleSection":["Joyas"],"inLanguage":"es"},{"@type":"WebPage","@id":"https:\/\/www.rabat.net\/es\/magazine\/entre-iconos-y-tendencias-asi-son-las-joyas-mas-espectaculares-de-los-goya","url":"https:\/\/www.rabat.net\/es\/magazine\/entre-iconos-y-tendencias-asi-son-las-joyas-mas-espectaculares-de-los-goya","name":"Entre iconos y tendencias: as\u00ed son las joyas m\u00e1s espectaculares de los Goya - RABAT Magazine","isPartOf":{"@id":"https:\/\/www.rabat.net\/es\/magazine\/#website"},"primaryImageOfPage":{"@id":"https:\/\/www.rabat.net\/es\/magazine\/entre-iconos-y-tendencias-asi-son-las-joyas-mas-espectaculares-de-los-goya#primaryimage"},"image":{"@id":"https:\/\/www.rabat.net\/es\/magazine\/entre-iconos-y-tendencias-asi-son-las-joyas-mas-espectaculares-de-los-goya#primaryimage"},"thumbnailUrl":"https:\/\/www.rabat.net\/es\/magazine\/wp-content\/uploads\/2025\/02\/Clara-Segura-RABAT-Goya-2025.webp","datePublished":"2025-02-08T22:59:21+00:00","dateModified":"2025-02-14T10:20:30+00:00","description":"Kira Mir\u00f3, Enric Auquer, Clara Segura, Ver\u00f3nica D\u00edaz y Javier Castillo eligen RABAT para deslumbrar en una noche m\u00e1gica.","breadcrumb":{"@id":"https:\/\/www.rabat.net\/es\/magazine\/entre-iconos-y-tendencias-asi-son-las-joyas-mas-espectaculares-de-los-goya#breadcrumb"},"inLanguage":"es","potentialAction":[{"@type":"ReadAction","target":["https:\/\/www.rabat.net\/es\/magazine\/entre-iconos-y-tendencias-asi-son-las-joyas-mas-espectaculares-de-los-goya"]}]},{"@type":"ImageObject","inLanguage":"es","@id":"https:\/\/www.rabat.net\/es\/magazine\/entre-iconos-y-tendencias-asi-son-las-joyas-mas-espectaculares-de-los-goya#primaryimage","url":"https:\/\/www.rabat.net\/es\/magazine\/wp-content\/uploads\/2025\/02\/Clara-Segura-RABAT-Goya-2025.webp","contentUrl":"https:\/\/www.rabat.net\/es\/magazine\/wp-content\/uploads\/2025\/02\/Clara-Segura-RABAT-Goya-2025.webp","width":1920,"height":1280},{"@type":"BreadcrumbList","@id":"https:\/\/www.rabat.net\/es\/magazine\/entre-iconos-y-tendencias-asi-son-las-joyas-mas-espectaculares-de-los-goya#breadcrumb","itemListElement":[{"@type":"ListItem","position":1,"name":"Home","item":"https:\/\/www.rabat.net\/es\/magazine\/"},{"@type":"ListItem","position":2,"name":"Entre iconos y tendencias: as\u00ed son las joyas m\u00e1s espectaculares de los Goya"}]},{"@type":"WebSite","@id":"https:\/\/www.rabat.net\/es\/magazine\/#website","url":"https:\/\/www.rabat.net\/es\/magazine\/","name":"RABAT Magazine","description":"Revista Digital de Joyer\u00eda y Relojer\u00eda","publisher":{"@id":"https:\/\/www.rabat.net\/es\/magazine\/#organization"},"potentialAction":[{"@type":"SearchAction","target":{"@type":"EntryPoint","urlTemplate":"https:\/\/www.rabat.net\/es\/magazine\/?s={search_term_string}"},"query-input":{"@type":"PropertyValueSpecification","valueRequired":true,"valueName":"search_term_string"}}],"inLanguage":"es"},{"@type":"Organization","@id":"https:\/\/www.rabat.net\/es\/magazine\/#organization","name":"RABAT Magazine","url":"https:\/\/www.rabat.net\/es\/magazine\/","logo":{"@type":"ImageObject","inLanguage":"es","@id":"https:\/\/www.rabat.net\/es\/magazine\/#\/schema\/logo\/image\/","url":"https:\/\/www.rabat.net\/es\/magazine\/wp-content\/uploads\/2019\/04\/rabat-logotipo-stories.png","contentUrl":"https:\/\/www.rabat.net\/es\/magazine\/wp-content\/uploads\/2019\/04\/rabat-logotipo-stories.png","width":250,"height":38,"caption":"RABAT Magazine"},"image":{"@id":"https:\/\/www.rabat.net\/es\/magazine\/#\/schema\/logo\/image\/"}},{"@type":"Person","@id":"https:\/\/www.rabat.net\/es\/magazine\/#\/schema\/person\/3aa3277bd9b285bbc670cfce1a24b020","name":"Susana Molina","sameAs":["http:\/\/www.susanamolinacontenidos.com","https:\/\/www.instagram.com\/susanacontenidos\/"],"url":"https:\/\/www.rabat.net\/es\/magazine\/author\/susana-molina"}]}},"_links":{"self":[{"href":"https:\/\/www.rabat.net\/es\/magazine\/wp-json\/wp\/v2\/posts\/18731","targetHints":{"allow":["GET"]}}],"collection":[{"href":"https:\/\/www.rabat.net\/es\/magazine\/wp-json\/wp\/v2\/posts"}],"about":[{"href":"https:\/\/www.rabat.net\/es\/magazine\/wp-json\/wp\/v2\/types\/post"}],"author":[{"embeddable":true,"href":"https:\/\/www.rabat.net\/es\/magazine\/wp-json\/wp\/v2\/users\/9"}],"replies":[{"embeddable":true,"href":"https:\/\/www.rabat.net\/es\/magazine\/wp-json\/wp\/v2\/comments?post=18731"}],"version-history":[{"count":65,"href":"https:\/\/www.rabat.net\/es\/magazine\/wp-json\/wp\/v2\/posts\/18731\/revisions"}],"predecessor-version":[{"id":18892,"href":"https:\/\/www.rabat.net\/es\/magazine\/wp-json\/wp\/v2\/posts\/18731\/revisions\/18892"}],"wp:featuredmedia":[{"embeddable":true,"href":"https:\/\/www.rabat.net\/es\/magazine\/wp-json\/wp\/v2\/media\/18831"}],"wp:attachment":[{"href":"https:\/\/www.rabat.net\/es\/magazine\/wp-json\/wp\/v2\/media?parent=18731"}],"wp:term":[{"taxonomy":"category","embeddable":true,"href":"https:\/\/www.rabat.net\/es\/magazine\/wp-json\/wp\/v2\/categories?post=18731"},{"taxonomy":"post_tag","embeddable":true,"href":"https:\/\/www.rabat.net\/es\/magazine\/wp-json\/wp\/v2\/tags?post=18731"}],"curies":[{"name":"wp","href":"https:\/\/api.w.org\/{rel}","templated":true}]}}