{"id":24963,"date":"2026-02-27T11:31:52","date_gmt":"2026-02-27T11:31:52","guid":{"rendered":"https:\/\/www.rabat.net\/es\/magazine\/?p=24963"},"modified":"2026-02-28T21:02:45","modified_gmt":"2026-02-28T21:02:45","slug":"susana-abaitua-goya-artesania-cine-joyeria-rabat","status":"publish","type":"post","link":"https:\/\/www.rabat.net\/es\/magazine\/susana-abaitua-goya-artesania-cine-joyeria-rabat","title":{"rendered":"Susana Abaitua: la emoci\u00f3n de prepararse para los Goya y la artesan\u00eda del cine y la joyer\u00eda"},"content":{"rendered":"\n<p class=\"wp-block-paragraph\">La actriz Susana Abaitua vive un momento excepcional. Su <strong>nominaci\u00f3n al Goya a Mejor Actriz Protagonista por <em>Un fantasma en la batalla<\/em><\/strong>, dirigida por Agust\u00edn D\u00edaz Yanes, consolida una trayectoria caracterizada por la profundidad y la autenticidad de sus interpretaciones. Con una carrera que crece proyecto tras proyecto, Susana se encuentra ante una de esas noches que dejan huella.<\/p>\n\n\n\n<p class=\"wp-block-paragraph\">Desde muy joven, Susana sinti\u00f3 que la interpretaci\u00f3n ser\u00eda su camino. A lo largo de los a\u00f1os, ese impulso inicial se ha convertido en una carrera marcada por personajes que exigen entrega, sensibilidad y una capacidad expresiva que la distingue.<\/p>\n\n\n\n<p class=\"wp-block-paragraph\">Su nominaci\u00f3n llega en un momento de madurez art\u00edstica, en el que cada nuevo proyecto refuerza su versatilidad y la profundidad con la que aborda sus personajes.<\/p>\n\n\n\n<h2 class=\"wp-block-heading\"><em>\u201cLa relaci\u00f3n del cine y la joyer\u00eda est\u00e1 unido desde las fases y la creaci\u00f3n.\u201d<\/em>, explica Susana.<\/h2>\n\n\n\n<p class=\"wp-block-paragraph\"><\/p>\n\n\n\n<figure class=\"wp-block-embed is-type-video is-provider-youtube wp-block-embed-youtube wp-embed-aspect-4-3 wp-has-aspect-ratio\"><div class=\"wp-block-embed__wrapper\">\n<iframe title=\"Susana Abaitua x RABAT Stars \u2014 Elegancia para los Premios Goya 40 | RABAT Joyer\u00eda\" width=\"1778\" height=\"1000\" src=\"https:\/\/www.youtube.com\/embed\/irm8G5rkVRs?feature=oembed\" frameborder=\"0\" allow=\"accelerometer; autoplay; clipboard-write; encrypted-media; gyroscope; picture-in-picture; web-share\" referrerpolicy=\"strict-origin-when-cross-origin\" allowfullscreen><\/iframe>\n<\/div><\/figure>\n\n\n\n<p class=\"wp-block-paragraph\"><\/p>\n\n\n\n<div style=\"height:15px\" aria-hidden=\"true\" class=\"wp-block-spacer\"><\/div>\n\n\n\n<p class=\"wp-block-paragraph\">Interpretar a Amaia en <em>Un fantasma en la batalla<\/em> ha sido, para Susana, una experiencia intensa y transformadora.<\/p>\n\n\n\n<p class=\"wp-block-paragraph\">Tras proyectos tan relevantes como <em>Patria<\/em> o <em>S\u00e9 qui\u00e9n eres<\/em>, este trabajo supone un paso m\u00e1s en una carrera que se expande con fuerza. La nominaci\u00f3n al Goya es, para ella, un reconocimiento emocionante, pero tambi\u00e9n una invitaci\u00f3n a seguir creciendo.<\/p>\n\n\n\n<p class=\"wp-block-paragraph\">Para la alfombra roja, RABAT acompa\u00f1a a la actriz en esta noche tan especial, iluminando con su artesan\u00eda una trayectoria que no deja de crecer.<\/p>\n\n\n\n<p class=\"wp-block-paragraph\">En la entrevista, Susana Abaitua luce una cuidada selecci\u00f3n de joyas RABAT que acompa\u00f1an con delicadeza este momento tan especial de su carrera. Los <strong>pendientes ear cuff de oro blanco con diamantes<\/strong>, el <strong>anillo tubogas de oro rosa con diamantes<\/strong> y el <strong>collar estilo corbata de oro amarillo con pav\u00e9 de diamantes<\/strong> a\u00f1aden una luz sutil que acompa\u00f1a la emoci\u00f3n con la que la actriz comparte esta etapa tan especial.<\/p>\n\n\n<div class=\"lazyblock-products-repeater-2op7VM wp-block-lazyblock-products-repeater\"><section id=\"BLOQUES_RABAT_LAZY_3\">\r\n    <img decoding=\"async\" src=\"\/es\/magazine\/wp-content\/uploads\/2024\/03\/Rabat-logo.svg\" alt=\"logo rabat\">\r\n    <div class=\"row\">\r\n            <div class=\"col\">\r\n            <a href=\"https:\/\/www.rabat.net\/es\/pendientes-ear-cuff-de-oro-blanco-con-diamantes-p021513019\" class=\"product_item\"><div class=\"product_item\">            <div class=\"box-img\">\r\n              <img decoding=\"async\" src=\"https:\/\/www.rabat.net\/es\/magazine\/wp-content\/uploads\/2026\/02\/pendientes-ear-cuff-de-oro-blanco-con-diamantes-p021513019.jpg\" alt=\"Pendientes ear cuff de oro blanco con diamantes\" class=\"img-fluid\">\r\n            <\/div>\r\n            <div class=\"box-info\">\r\n              <p class=\"paragraph\">Pendientes ear cuff de oro blanco con diamantes<\/p>\r\n              <button class=\"btn-primary btn-product btn-arrow\">Saber m\u00e1s<\/button>            <\/div>\r\n            <\/a><\/div>        <\/div>\r\n            <div class=\"col\">\r\n            <a href=\"https:\/\/www.rabat.net\/es\/collar-estilo-corbata-de-oro-amarillo-con-pave-diamantes-p076700399\" class=\"product_item\"><div class=\"product_item\">            <div class=\"box-img\">\r\n              <img decoding=\"async\" src=\"https:\/\/www.rabat.net\/es\/magazine\/wp-content\/uploads\/2026\/02\/collar-estilo-corbata-de-oro-amarillo-con-pave-diamantes-p076700399.jpg\" alt=\"Collar estilo corbata de oro amarillo con pav\u00e9 de diamantes\" class=\"img-fluid\">\r\n            <\/div>\r\n            <div class=\"box-info\">\r\n              <p class=\"paragraph\">Collar estilo corbata de oro amarillo con pav\u00e9 de diamantes<\/p>\r\n              <button class=\"btn-primary btn-product btn-arrow\">Saber m\u00e1s<\/button>            <\/div>\r\n            <\/a><\/div>        <\/div>\r\n            <div class=\"col\">\r\n            <a href=\"https:\/\/www.rabat.net\/es\/anillo-tubogas-de-oro-rosa-con-diamantes-p076700299-14\" class=\"product_item\"><div class=\"product_item\">            <div class=\"box-img\">\r\n              <img decoding=\"async\" src=\"https:\/\/www.rabat.net\/es\/magazine\/wp-content\/uploads\/2026\/02\/detalle-anillo-de-oro-rosa-con-diamantes-coleccion-rabat-evergold-p076700299-14-2.jpg\" alt=\"Anillo tubogas de oro rosa con diamantes\" class=\"img-fluid\">\r\n            <\/div>\r\n            <div class=\"box-info\">\r\n              <p class=\"paragraph\">Anillo tubogas de oro rosa con diamantes<\/p>\r\n              <button class=\"btn-primary btn-product btn-arrow\">Saber m\u00e1s<\/button>            <\/div>\r\n            <\/a><\/div>        <\/div>\r\n        <\/div>\r\n  <\/section><\/div>","protected":false},"excerpt":{"rendered":"<p>Una mirada a la sensibilidad y el talento de Susana Abaitua en un a\u00f1o decisivo para su carrera, marcado por su nominaci\u00f3n al Goya y por su conexi\u00f3n con el universo artesanal que une el cine y la joyer\u00eda.<\/p>\n","protected":false},"author":1,"featured_media":25025,"comment_status":"closed","ping_status":"closed","sticky":false,"template":"","format":"standard","meta":{"_acf_changed":false,"_crdt_document":"","footnotes":""},"categories":[1],"tags":[],"class_list":["post-24963","post","type-post","status-publish","format-standard","has-post-thumbnail","hentry","category-joyeria"],"acf":[],"yoast_head":"<!-- This site is optimized with the Yoast SEO plugin v27.2 - https:\/\/yoast.com\/product\/yoast-seo-wordpress\/ -->\n<title>Susana Abaitua: la emoci\u00f3n de prepararse para los Goya y la artesan\u00eda del cine y la joyer\u00eda - RABAT Magazine<\/title>\n<meta name=\"description\" content=\"Susana Abaitua comparte la emoci\u00f3n de su nominaci\u00f3n al Goya y su v\u00ednculo con la artesan\u00eda del cine y la joyer\u00eda en una noche especial junto a RABAT.\" \/>\n<meta name=\"robots\" content=\"index, follow, max-snippet:-1, max-image-preview:large, max-video-preview:-1\" \/>\n<link rel=\"canonical\" href=\"https:\/\/www.rabat.net\/es\/magazine\/susana-abaitua-goya-artesania-cine-joyeria-rabat\" \/>\n<meta property=\"og:locale\" content=\"es_ES\" \/>\n<meta property=\"og:type\" content=\"article\" \/>\n<meta property=\"og:title\" content=\"Susana Abaitua: la emoci\u00f3n de prepararse para los Goya y la artesan\u00eda del cine y la joyer\u00eda - RABAT Magazine\" \/>\n<meta property=\"og:description\" content=\"Susana Abaitua comparte la emoci\u00f3n de su nominaci\u00f3n al Goya y su v\u00ednculo con la artesan\u00eda del cine y la joyer\u00eda en una noche especial junto a RABAT.\" \/>\n<meta property=\"og:url\" content=\"https:\/\/www.rabat.net\/es\/magazine\/susana-abaitua-goya-artesania-cine-joyeria-rabat\" \/>\n<meta property=\"og:site_name\" content=\"RABAT Magazine\" \/>\n<meta property=\"article:author\" content=\"https:\/\/www.facebook.com\/JoyeriaRabat\/\" \/>\n<meta property=\"article:published_time\" content=\"2026-02-27T11:31:52+00:00\" \/>\n<meta property=\"article:modified_time\" content=\"2026-02-28T21:02:45+00:00\" \/>\n<meta property=\"og:image\" content=\"https:\/\/www.rabat.net\/es\/magazine\/wp-content\/uploads\/2026\/02\/CaptureOne7922.png\" \/>\n\t<meta property=\"og:image:width\" content=\"918\" \/>\n\t<meta property=\"og:image:height\" content=\"611\" \/>\n\t<meta property=\"og:image:type\" content=\"image\/png\" \/>\n<meta name=\"author\" content=\"RABAT\" \/>\n<meta name=\"twitter:card\" content=\"summary_large_image\" \/>\n<meta name=\"twitter:label1\" content=\"Escrito por\" \/>\n\t<meta name=\"twitter:data1\" content=\"RABAT\" \/>\n\t<meta name=\"twitter:label2\" content=\"Tiempo de lectura\" \/>\n\t<meta name=\"twitter:data2\" content=\"2 minutos\" \/>\n<script type=\"application\/ld+json\" class=\"yoast-schema-graph\">{\"@context\":\"https:\/\/schema.org\",\"@graph\":[{\"@type\":\"Article\",\"@id\":\"https:\/\/www.rabat.net\/es\/magazine\/susana-abaitua-goya-artesania-cine-joyeria-rabat#article\",\"isPartOf\":{\"@id\":\"https:\/\/www.rabat.net\/es\/magazine\/susana-abaitua-goya-artesania-cine-joyeria-rabat\"},\"author\":{\"name\":\"RABAT\",\"@id\":\"https:\/\/www.rabat.net\/es\/magazine\/#\/schema\/person\/7b797b14a84926e5378f29d8753c6a86\"},\"headline\":\"Susana Abaitua: la emoci\u00f3n de prepararse para los Goya y la artesan\u00eda del cine y la joyer\u00eda\",\"datePublished\":\"2026-02-27T11:31:52+00:00\",\"dateModified\":\"2026-02-28T21:02:45+00:00\",\"mainEntityOfPage\":{\"@id\":\"https:\/\/www.rabat.net\/es\/magazine\/susana-abaitua-goya-artesania-cine-joyeria-rabat\"},\"wordCount\":346,\"publisher\":{\"@id\":\"https:\/\/www.rabat.net\/es\/magazine\/#organization\"},\"image\":{\"@id\":\"https:\/\/www.rabat.net\/es\/magazine\/susana-abaitua-goya-artesania-cine-joyeria-rabat#primaryimage\"},\"thumbnailUrl\":\"https:\/\/www.rabat.net\/es\/magazine\/wp-content\/uploads\/2026\/02\/CaptureOne7922.png\",\"articleSection\":[\"Joyas\"],\"inLanguage\":\"es\"},{\"@type\":\"WebPage\",\"@id\":\"https:\/\/www.rabat.net\/es\/magazine\/susana-abaitua-goya-artesania-cine-joyeria-rabat\",\"url\":\"https:\/\/www.rabat.net\/es\/magazine\/susana-abaitua-goya-artesania-cine-joyeria-rabat\",\"name\":\"Susana Abaitua: la emoci\u00f3n de prepararse para los Goya y la artesan\u00eda del cine y la joyer\u00eda - RABAT Magazine\",\"isPartOf\":{\"@id\":\"https:\/\/www.rabat.net\/es\/magazine\/#website\"},\"primaryImageOfPage\":{\"@id\":\"https:\/\/www.rabat.net\/es\/magazine\/susana-abaitua-goya-artesania-cine-joyeria-rabat#primaryimage\"},\"image\":{\"@id\":\"https:\/\/www.rabat.net\/es\/magazine\/susana-abaitua-goya-artesania-cine-joyeria-rabat#primaryimage\"},\"thumbnailUrl\":\"https:\/\/www.rabat.net\/es\/magazine\/wp-content\/uploads\/2026\/02\/CaptureOne7922.png\",\"datePublished\":\"2026-02-27T11:31:52+00:00\",\"dateModified\":\"2026-02-28T21:02:45+00:00\",\"description\":\"Susana Abaitua comparte la emoci\u00f3n de su nominaci\u00f3n al Goya y su v\u00ednculo con la artesan\u00eda del cine y la joyer\u00eda en una noche especial junto a RABAT.\",\"breadcrumb\":{\"@id\":\"https:\/\/www.rabat.net\/es\/magazine\/susana-abaitua-goya-artesania-cine-joyeria-rabat#breadcrumb\"},\"inLanguage\":\"es\",\"potentialAction\":[{\"@type\":\"ReadAction\",\"target\":[\"https:\/\/www.rabat.net\/es\/magazine\/susana-abaitua-goya-artesania-cine-joyeria-rabat\"]}]},{\"@type\":\"ImageObject\",\"inLanguage\":\"es\",\"@id\":\"https:\/\/www.rabat.net\/es\/magazine\/susana-abaitua-goya-artesania-cine-joyeria-rabat#primaryimage\",\"url\":\"https:\/\/www.rabat.net\/es\/magazine\/wp-content\/uploads\/2026\/02\/CaptureOne7922.png\",\"contentUrl\":\"https:\/\/www.rabat.net\/es\/magazine\/wp-content\/uploads\/2026\/02\/CaptureOne7922.png\",\"width\":918,\"height\":611},{\"@type\":\"BreadcrumbList\",\"@id\":\"https:\/\/www.rabat.net\/es\/magazine\/susana-abaitua-goya-artesania-cine-joyeria-rabat#breadcrumb\",\"itemListElement\":[{\"@type\":\"ListItem\",\"position\":1,\"name\":\"Home\",\"item\":\"https:\/\/www.rabat.net\/es\/magazine\/\"},{\"@type\":\"ListItem\",\"position\":2,\"name\":\"Susana Abaitua: la emoci\u00f3n de prepararse para los Goya y la artesan\u00eda del cine y la joyer\u00eda\"}]},{\"@type\":\"WebSite\",\"@id\":\"https:\/\/www.rabat.net\/es\/magazine\/#website\",\"url\":\"https:\/\/www.rabat.net\/es\/magazine\/\",\"name\":\"RABAT Magazine\",\"description\":\"Revista Digital de Joyer\u00eda y Relojer\u00eda\",\"publisher\":{\"@id\":\"https:\/\/www.rabat.net\/es\/magazine\/#organization\"},\"potentialAction\":[{\"@type\":\"SearchAction\",\"target\":{\"@type\":\"EntryPoint\",\"urlTemplate\":\"https:\/\/www.rabat.net\/es\/magazine\/?s={search_term_string}\"},\"query-input\":{\"@type\":\"PropertyValueSpecification\",\"valueRequired\":true,\"valueName\":\"search_term_string\"}}],\"inLanguage\":\"es\"},{\"@type\":\"Organization\",\"@id\":\"https:\/\/www.rabat.net\/es\/magazine\/#organization\",\"name\":\"RABAT Magazine\",\"url\":\"https:\/\/www.rabat.net\/es\/magazine\/\",\"logo\":{\"@type\":\"ImageObject\",\"inLanguage\":\"es\",\"@id\":\"https:\/\/www.rabat.net\/es\/magazine\/#\/schema\/logo\/image\/\",\"url\":\"https:\/\/www.rabat.net\/es\/magazine\/wp-content\/uploads\/2019\/04\/rabat-logotipo-stories.png\",\"contentUrl\":\"https:\/\/www.rabat.net\/es\/magazine\/wp-content\/uploads\/2019\/04\/rabat-logotipo-stories.png\",\"width\":250,\"height\":38,\"caption\":\"RABAT Magazine\"},\"image\":{\"@id\":\"https:\/\/www.rabat.net\/es\/magazine\/#\/schema\/logo\/image\/\"}},{\"@type\":\"Person\",\"@id\":\"https:\/\/www.rabat.net\/es\/magazine\/#\/schema\/person\/7b797b14a84926e5378f29d8753c6a86\",\"name\":\"RABAT\",\"sameAs\":[\"https:\/\/www.rabat.net\/es\/magazine\/\",\"https:\/\/www.facebook.com\/JoyeriaRabat\/\",\"https:\/\/www.instagram.com\/rabatjewellery\/\"],\"url\":\"https:\/\/www.rabat.net\/es\/magazine\/author\/admin\"}]}<\/script>\n<!-- \/ Yoast SEO plugin. -->","yoast_head_json":{"title":"Susana Abaitua: la emoci\u00f3n de prepararse para los Goya y la artesan\u00eda del cine y la joyer\u00eda - RABAT Magazine","description":"Susana Abaitua comparte la emoci\u00f3n de su nominaci\u00f3n al Goya y su v\u00ednculo con la artesan\u00eda del cine y la joyer\u00eda en una noche especial junto a RABAT.","robots":{"index":"index","follow":"follow","max-snippet":"max-snippet:-1","max-image-preview":"max-image-preview:large","max-video-preview":"max-video-preview:-1"},"canonical":"https:\/\/www.rabat.net\/es\/magazine\/susana-abaitua-goya-artesania-cine-joyeria-rabat","og_locale":"es_ES","og_type":"article","og_title":"Susana Abaitua: la emoci\u00f3n de prepararse para los Goya y la artesan\u00eda del cine y la joyer\u00eda - RABAT Magazine","og_description":"Susana Abaitua comparte la emoci\u00f3n de su nominaci\u00f3n al Goya y su v\u00ednculo con la artesan\u00eda del cine y la joyer\u00eda en una noche especial junto a RABAT.","og_url":"https:\/\/www.rabat.net\/es\/magazine\/susana-abaitua-goya-artesania-cine-joyeria-rabat","og_site_name":"RABAT Magazine","article_author":"https:\/\/www.facebook.com\/JoyeriaRabat\/","article_published_time":"2026-02-27T11:31:52+00:00","article_modified_time":"2026-02-28T21:02:45+00:00","og_image":[{"width":918,"height":611,"url":"https:\/\/www.rabat.net\/es\/magazine\/wp-content\/uploads\/2026\/02\/CaptureOne7922.png","type":"image\/png"}],"author":"RABAT","twitter_card":"summary_large_image","twitter_misc":{"Escrito por":"RABAT","Tiempo de lectura":"2 minutos"},"schema":{"@context":"https:\/\/schema.org","@graph":[{"@type":"Article","@id":"https:\/\/www.rabat.net\/es\/magazine\/susana-abaitua-goya-artesania-cine-joyeria-rabat#article","isPartOf":{"@id":"https:\/\/www.rabat.net\/es\/magazine\/susana-abaitua-goya-artesania-cine-joyeria-rabat"},"author":{"name":"RABAT","@id":"https:\/\/www.rabat.net\/es\/magazine\/#\/schema\/person\/7b797b14a84926e5378f29d8753c6a86"},"headline":"Susana Abaitua: la emoci\u00f3n de prepararse para los Goya y la artesan\u00eda del cine y la joyer\u00eda","datePublished":"2026-02-27T11:31:52+00:00","dateModified":"2026-02-28T21:02:45+00:00","mainEntityOfPage":{"@id":"https:\/\/www.rabat.net\/es\/magazine\/susana-abaitua-goya-artesania-cine-joyeria-rabat"},"wordCount":346,"publisher":{"@id":"https:\/\/www.rabat.net\/es\/magazine\/#organization"},"image":{"@id":"https:\/\/www.rabat.net\/es\/magazine\/susana-abaitua-goya-artesania-cine-joyeria-rabat#primaryimage"},"thumbnailUrl":"https:\/\/www.rabat.net\/es\/magazine\/wp-content\/uploads\/2026\/02\/CaptureOne7922.png","articleSection":["Joyas"],"inLanguage":"es"},{"@type":"WebPage","@id":"https:\/\/www.rabat.net\/es\/magazine\/susana-abaitua-goya-artesania-cine-joyeria-rabat","url":"https:\/\/www.rabat.net\/es\/magazine\/susana-abaitua-goya-artesania-cine-joyeria-rabat","name":"Susana Abaitua: la emoci\u00f3n de prepararse para los Goya y la artesan\u00eda del cine y la joyer\u00eda - RABAT Magazine","isPartOf":{"@id":"https:\/\/www.rabat.net\/es\/magazine\/#website"},"primaryImageOfPage":{"@id":"https:\/\/www.rabat.net\/es\/magazine\/susana-abaitua-goya-artesania-cine-joyeria-rabat#primaryimage"},"image":{"@id":"https:\/\/www.rabat.net\/es\/magazine\/susana-abaitua-goya-artesania-cine-joyeria-rabat#primaryimage"},"thumbnailUrl":"https:\/\/www.rabat.net\/es\/magazine\/wp-content\/uploads\/2026\/02\/CaptureOne7922.png","datePublished":"2026-02-27T11:31:52+00:00","dateModified":"2026-02-28T21:02:45+00:00","description":"Susana Abaitua comparte la emoci\u00f3n de su nominaci\u00f3n al Goya y su v\u00ednculo con la artesan\u00eda del cine y la joyer\u00eda en una noche especial junto a RABAT.","breadcrumb":{"@id":"https:\/\/www.rabat.net\/es\/magazine\/susana-abaitua-goya-artesania-cine-joyeria-rabat#breadcrumb"},"inLanguage":"es","potentialAction":[{"@type":"ReadAction","target":["https:\/\/www.rabat.net\/es\/magazine\/susana-abaitua-goya-artesania-cine-joyeria-rabat"]}]},{"@type":"ImageObject","inLanguage":"es","@id":"https:\/\/www.rabat.net\/es\/magazine\/susana-abaitua-goya-artesania-cine-joyeria-rabat#primaryimage","url":"https:\/\/www.rabat.net\/es\/magazine\/wp-content\/uploads\/2026\/02\/CaptureOne7922.png","contentUrl":"https:\/\/www.rabat.net\/es\/magazine\/wp-content\/uploads\/2026\/02\/CaptureOne7922.png","width":918,"height":611},{"@type":"BreadcrumbList","@id":"https:\/\/www.rabat.net\/es\/magazine\/susana-abaitua-goya-artesania-cine-joyeria-rabat#breadcrumb","itemListElement":[{"@type":"ListItem","position":1,"name":"Home","item":"https:\/\/www.rabat.net\/es\/magazine\/"},{"@type":"ListItem","position":2,"name":"Susana Abaitua: la emoci\u00f3n de prepararse para los Goya y la artesan\u00eda del cine y la joyer\u00eda"}]},{"@type":"WebSite","@id":"https:\/\/www.rabat.net\/es\/magazine\/#website","url":"https:\/\/www.rabat.net\/es\/magazine\/","name":"RABAT Magazine","description":"Revista Digital de Joyer\u00eda y Relojer\u00eda","publisher":{"@id":"https:\/\/www.rabat.net\/es\/magazine\/#organization"},"potentialAction":[{"@type":"SearchAction","target":{"@type":"EntryPoint","urlTemplate":"https:\/\/www.rabat.net\/es\/magazine\/?s={search_term_string}"},"query-input":{"@type":"PropertyValueSpecification","valueRequired":true,"valueName":"search_term_string"}}],"inLanguage":"es"},{"@type":"Organization","@id":"https:\/\/www.rabat.net\/es\/magazine\/#organization","name":"RABAT Magazine","url":"https:\/\/www.rabat.net\/es\/magazine\/","logo":{"@type":"ImageObject","inLanguage":"es","@id":"https:\/\/www.rabat.net\/es\/magazine\/#\/schema\/logo\/image\/","url":"https:\/\/www.rabat.net\/es\/magazine\/wp-content\/uploads\/2019\/04\/rabat-logotipo-stories.png","contentUrl":"https:\/\/www.rabat.net\/es\/magazine\/wp-content\/uploads\/2019\/04\/rabat-logotipo-stories.png","width":250,"height":38,"caption":"RABAT Magazine"},"image":{"@id":"https:\/\/www.rabat.net\/es\/magazine\/#\/schema\/logo\/image\/"}},{"@type":"Person","@id":"https:\/\/www.rabat.net\/es\/magazine\/#\/schema\/person\/7b797b14a84926e5378f29d8753c6a86","name":"RABAT","sameAs":["https:\/\/www.rabat.net\/es\/magazine\/","https:\/\/www.facebook.com\/JoyeriaRabat\/","https:\/\/www.instagram.com\/rabatjewellery\/"],"url":"https:\/\/www.rabat.net\/es\/magazine\/author\/admin"}]}},"_links":{"self":[{"href":"https:\/\/www.rabat.net\/es\/magazine\/wp-json\/wp\/v2\/posts\/24963","targetHints":{"allow":["GET"]}}],"collection":[{"href":"https:\/\/www.rabat.net\/es\/magazine\/wp-json\/wp\/v2\/posts"}],"about":[{"href":"https:\/\/www.rabat.net\/es\/magazine\/wp-json\/wp\/v2\/types\/post"}],"author":[{"embeddable":true,"href":"https:\/\/www.rabat.net\/es\/magazine\/wp-json\/wp\/v2\/users\/1"}],"replies":[{"embeddable":true,"href":"https:\/\/www.rabat.net\/es\/magazine\/wp-json\/wp\/v2\/comments?post=24963"}],"version-history":[{"count":13,"href":"https:\/\/www.rabat.net\/es\/magazine\/wp-json\/wp\/v2\/posts\/24963\/revisions"}],"predecessor-version":[{"id":25023,"href":"https:\/\/www.rabat.net\/es\/magazine\/wp-json\/wp\/v2\/posts\/24963\/revisions\/25023"}],"wp:featuredmedia":[{"embeddable":true,"href":"https:\/\/www.rabat.net\/es\/magazine\/wp-json\/wp\/v2\/media\/25025"}],"wp:attachment":[{"href":"https:\/\/www.rabat.net\/es\/magazine\/wp-json\/wp\/v2\/media?parent=24963"}],"wp:term":[{"taxonomy":"category","embeddable":true,"href":"https:\/\/www.rabat.net\/es\/magazine\/wp-json\/wp\/v2\/categories?post=24963"},{"taxonomy":"post_tag","embeddable":true,"href":"https:\/\/www.rabat.net\/es\/magazine\/wp-json\/wp\/v2\/tags?post=24963"}],"curies":[{"name":"wp","href":"https:\/\/api.w.org\/{rel}","templated":true}]}}