{"id":25116,"date":"2026-03-03T15:20:10","date_gmt":"2026-03-03T15:20:10","guid":{"rendered":"https:\/\/www.rabat.net\/es\/magazine\/?p=25116"},"modified":"2026-04-01T16:16:15","modified_gmt":"2026-04-01T16:16:15","slug":"rabat-casa-codina-cuatro-estaciones","status":"publish","type":"post","link":"https:\/\/www.rabat.net\/es\/magazine\/rabat-casa-codina-cuatro-estaciones","title":{"rendered":"RABAT Casa Codina: Viaje por las Cuatro Estaciones en Passeig de Gr\u00e0cia"},"content":{"rendered":"\n<p class=\"wp-block-paragraph\"><strong>RABAT Casa Codina<\/strong> presenta un viaje excepcional por las cuatro estaciones, una experiencia que fusiona arte, luz y alta joyer\u00eda en un entorno \u00fanico del Passeig de Gr\u00e0cia. Esta propuesta invita a descubrir la esencia de la maison a trav\u00e9s de una narrativa sensorial que celebra la elegancia, la tradici\u00f3n y la emoci\u00f3n en el coraz\u00f3n de Barcelona.<\/p>\n\n\n\n<p class=\"wp-block-paragraph\">Su espacio m\u00e1s emblem\u00e1tico, ubicado en el <strong>n\u00famero 94 del Passeig de Gr\u00e0cia<\/strong>, presenta ahora un recorrido ampliado y reinterpretado que convierte cada visita en una experiencia sensorial \u00fanica: RABAT Casa Codina. Un escenario que resume la esencia de la firma a trav\u00e9s de un concepto de <em>hospitality<\/em> que fusiona artesan\u00eda, emoci\u00f3n y arquitectura modernista.<\/p>\n\n\n\n<h2 class=\"wp-block-heading\"><strong>Una fachada que cuenta historias<\/strong><\/h2>\n\n\n\n<p class=\"wp-block-paragraph\">El viaje comienza incluso antes de cruzar la puerta. La imponente fachada modernista, con casi 26 metros de altura, se mantiene como el primer cap\u00edtulo de esta narrativa. Desde el exterior ya se intuyen colores, texturas y movimiento: un di\u00e1logo constante entre la vida urbana del Passeig de Gr\u00e0cia y la calidez de un interior donde la alta joyer\u00eda se muestra en su forma m\u00e1s natural, ba\u00f1ada por la luz y rodeada de materiales nobles.<\/p>\n\n\n\n<figure class=\"wp-block-image size-full\"><img fetchpriority=\"high\" decoding=\"async\" width=\"1404\" height=\"936\" src=\"https:\/\/www.rabat.net\/es\/magazine\/wp-content\/uploads\/2026\/02\/Sin-titulo-1.png\" alt=\"\" class=\"wp-image-25016\"\/><\/figure>\n\n\n\n<h2 class=\"wp-block-heading\"><strong>Un recorrido sensorial por las cuatro estaciones<\/strong><\/h2>\n\n\n\n<p class=\"wp-block-paragraph\">El coraz\u00f3n del concepto Casa Codina reside en un espacio que revela la identidad de RABAT a trav\u00e9s de un viaje inmersivo por las cuatro estaciones del a\u00f1o.<\/p>\n\n\n\n<figure class=\"wp-block-embed is-type-video is-provider-youtube wp-block-embed-youtube wp-embed-aspect-16-9 wp-has-aspect-ratio\"><div class=\"wp-block-embed__wrapper\">\n<iframe title=\"RABAT Casa Codina \u2014 Un Viaje por las Cuatro Estaciones del Lujo | RABAT Joyer\u00eda\" width=\"1778\" height=\"1000\" src=\"https:\/\/www.youtube.com\/embed\/X5_qqR-3ygo?feature=oembed\" frameborder=\"0\" allow=\"accelerometer; autoplay; clipboard-write; encrypted-media; gyroscope; picture-in-picture; web-share\" referrerpolicy=\"strict-origin-when-cross-origin\" allowfullscreen><\/iframe>\n<\/div><\/figure>\n\n\n\n<h3 class=\"wp-block-heading\"><strong>Invierno: serenidad y brillo<\/strong><\/h3>\n\n\n\n<p class=\"wp-block-paragraph\">La bienvenida llega con una est\u00e9tica inspirada en los troncos desnudos del invierno: l\u00edneas verticales, texturas sedosas y una atm\u00f3sfera serena que contrasta con un interior c\u00e1lido en tonos coral y detalles dorados. Un inicio elegante que transforma la sobriedad invernal en sofisticaci\u00f3n.<\/p>\n\n\n\n<figure class=\"wp-block-image size-full\"><img decoding=\"async\" width=\"842\" height=\"580\" src=\"https:\/\/www.rabat.net\/es\/magazine\/wp-content\/uploads\/2026\/03\/RABAT_C.png\" alt=\"\" class=\"wp-image-25118\"\/><\/figure>\n\n\n\n<h3 class=\"wp-block-heading\"><strong>Primavera: renacer y luz<\/strong><\/h3>\n\n\n\n<p class=\"wp-block-paragraph\">La primavera irrumpe vibrante con paredes verdes y un mosaico blanco que recuerda p\u00e9talos en flor. La luminaria, reinterpretando un almendro, envuelve las piezas RABAT en una atm\u00f3sfera po\u00e9tica que celebra el renacer natural del color y la luz.<\/p>\n\n\n\n<figure class=\"wp-block-image size-full\"><img decoding=\"async\" width=\"947\" height=\"623\" src=\"https:\/\/www.rabat.net\/es\/magazine\/wp-content\/uploads\/2026\/03\/RABAT_C1.png\" alt=\"\" class=\"wp-image-25119\"\/><\/figure>\n\n\n\n<figure class=\"wp-block-image size-full\"><img loading=\"lazy\" decoding=\"async\" width=\"838\" height=\"752\" src=\"https:\/\/www.rabat.net\/es\/magazine\/wp-content\/uploads\/2026\/03\/RABAT_C4.png\" alt=\"\" class=\"wp-image-25122\"\/><\/figure>\n\n\n\n<h3 class=\"wp-block-heading\"><strong>Verano: esencia mediterr\u00e1nea<\/strong><\/h3>\n\n\n\n<p class=\"wp-block-paragraph\">El verano es pura luminosidad mediterr\u00e1nea. El bar \u2014uno de los elementos m\u00e1s distintivos del universo RABAT\u2014 se convierte en punto de encuentro. La cer\u00e1mica artesanal en azules profundos, el lucernario que evoca la textura del agua y las curvas casi l\u00edquidas de la iluminaci\u00f3n capturan la energ\u00eda de los d\u00edas largos junto al mar.<\/p>\n\n\n\n<figure class=\"wp-block-image size-full\"><img loading=\"lazy\" decoding=\"async\" width=\"854\" height=\"564\" src=\"https:\/\/www.rabat.net\/es\/magazine\/wp-content\/uploads\/2026\/03\/RABAT_C2.png\" alt=\"\" class=\"wp-image-25120\"\/><\/figure>\n\n\n\n<figure class=\"wp-block-gallery has-nested-images columns-default is-cropped wp-block-gallery-2 is-layout-flex wp-block-gallery-is-layout-flex\">\n<figure class=\"wp-block-image size-large\"><img loading=\"lazy\" decoding=\"async\" width=\"924\" height=\"535\" data-id=\"25125\" src=\"https:\/\/www.rabat.net\/es\/magazine\/wp-content\/uploads\/2026\/03\/RABAT_C6.png\" alt=\"\" class=\"wp-image-25125\"\/><\/figure>\n\n\n\n<figure class=\"wp-block-image size-large\"><img loading=\"lazy\" decoding=\"async\" width=\"878\" height=\"611\" data-id=\"25126\" src=\"https:\/\/www.rabat.net\/es\/magazine\/wp-content\/uploads\/2026\/03\/RABAT_C5.png\" alt=\"\" class=\"wp-image-25126\" srcset=\"https:\/\/www.rabat.net\/es\/magazine\/wp-content\/uploads\/2026\/03\/RABAT_C5.png 878w, https:\/\/www.rabat.net\/es\/magazine\/wp-content\/uploads\/2026\/03\/RABAT_C5-200x140.png 200w\" sizes=\"(max-width: 878px) 100vw, 878px\" \/><\/figure>\n<\/figure>\n\n\n\n<h3 class=\"wp-block-heading\"><strong>Oto\u00f1o: calidez y quietud<\/strong><\/h3>\n\n\n\n<p class=\"wp-block-paragraph\">La \u00faltima etapa del recorrido suma 300 m\u00b2 al espacio total. Tonos terracota, maderas naturales y un \u00e1rbol de hojas cobre y oro crean un ambiente \u00edntimo y sensorial, pensado para descubrir con calma. Una met\u00e1fora del tiempo que pasa y de la artesan\u00eda que permanece.<\/p>\n\n\n\n<figure class=\"wp-block-image size-full\"><img loading=\"lazy\" decoding=\"async\" width=\"1022\" height=\"611\" src=\"https:\/\/www.rabat.net\/es\/magazine\/wp-content\/uploads\/2026\/03\/RABAT_C3.png\" alt=\"\" class=\"wp-image-25121\"\/><\/figure>\n\n\n\n<h2 class=\"wp-block-heading\"><strong><a href=\"https:\/\/www.rabat.net\/es\/rabat-pre-owned\">Alta joyer\u00eda, excelencia relojera y el universo Certified Pre-Owned<\/a><\/strong><\/h2>\n\n\n\n<p class=\"wp-block-paragraph\">En cada estaci\u00f3n, las vitrinas cobran vida mostrando piezas trabajadas en distintos oros, diamantes naturales y gemas excepcionales cuidadosamente seleccionadas por los expertos RABAT. Las ic\u00f3nicas colecciones de la casa dialogan con creaciones contempor\u00e1neas que brillan en armon\u00eda con el entorno.<\/p>\n\n\n\n<p class=\"wp-block-paragraph\">Con esta nueva puesta en escena, <strong>RABAT Casa Codina<\/strong> reafirma su compromiso con la excelencia, la innovaci\u00f3n y la tradici\u00f3n joyera en Barcelona.<\/p>\n\n\n\n<p class=\"wp-block-paragraph\">El recorrido culmina en un espacio propio dedicado a RABAT Certified Pre-Owned: 50 m\u00b2 concebidos para celebrar la relojer\u00eda con autenticidad, rigor t\u00e9cnico y transparencia. Aqu\u00ed, cada pieza es verificada, mantenida y certificada siguiendo protocolos oficiales y los exigentes est\u00e1ndares de la firma, ofreciendo al cliente la m\u00e1xima seguridad y trazabilidad.<\/p>\n\n\n\n<figure class=\"wp-block-gallery has-nested-images columns-default is-cropped wp-block-gallery-3 is-layout-flex wp-block-gallery-is-layout-flex\">\n<figure class=\"wp-block-image size-large\"><img loading=\"lazy\" decoding=\"async\" width=\"977\" height=\"636\" data-id=\"25129\" src=\"https:\/\/www.rabat.net\/es\/magazine\/wp-content\/uploads\/2026\/03\/RABAT_C9.png\" alt=\"\" class=\"wp-image-25129\"\/><\/figure>\n\n\n\n<figure class=\"wp-block-image size-large\"><img loading=\"lazy\" decoding=\"async\" width=\"900\" height=\"601\" data-id=\"25128\" src=\"https:\/\/www.rabat.net\/es\/magazine\/wp-content\/uploads\/2026\/03\/RABAT_C8.png\" alt=\"\" class=\"wp-image-25128\"\/><\/figure>\n<\/figure>\n\n\n\n<div style=\"height:15px\" aria-hidden=\"true\" class=\"wp-block-spacer\"><\/div>\n\n\n\n<figure class=\"wp-block-image size-large\"><img loading=\"lazy\" decoding=\"async\" width=\"884\" height=\"625\" src=\"https:\/\/www.rabat.net\/es\/magazine\/wp-content\/uploads\/2026\/03\/RABAT_C7.png\" alt=\"\" class=\"wp-image-25130\" srcset=\"https:\/\/www.rabat.net\/es\/magazine\/wp-content\/uploads\/2026\/03\/RABAT_C7.png 884w, https:\/\/www.rabat.net\/es\/magazine\/wp-content\/uploads\/2026\/03\/RABAT_C7-200x140.png 200w\" sizes=\"(max-width: 884px) 100vw, 884px\" \/><\/figure>\n\n\n\n<h2 class=\"wp-block-heading\"><strong><a href=\"https:\/\/www.rabat.net\/es\/joyerias\/barcelona\">Un espacio que trasciende el tiempo<\/a><\/strong><\/h2>\n\n\n\n<p class=\"wp-block-paragraph\"><strong>RABAT Casa Codina<\/strong> se consolida as\u00ed como un espacio emblem\u00e1tico donde la creatividad y la alta joyer\u00eda dialogan con la artesan\u00eda m\u00e1s exquisita.<\/p>\n\n\n\n<p class=\"wp-block-paragraph\">RABAT Casa Codina no es solo un espacio ampliado. Es una interpretaci\u00f3n profunda del universo RABAT: una celebraci\u00f3n del tiempo, de la luz y del valor emocional de las joyas. Cada visita se convierte en un viaje que invita a descubrir, emocionarse y crear recuerdos capaces de perdurar tanto como las piezas que all\u00ed nacen.<\/p>\n\n\n\n<div class=\"wp-block-columns is-layout-flex wp-container-core-columns-is-layout-8f761849 wp-block-columns-is-layout-flex\">\n<div class=\"wp-block-column is-layout-flow wp-block-column-is-layout-flow\" style=\"flex-basis:66.66%\">\n<figure class=\"wp-block-image size-full\"><img loading=\"lazy\" decoding=\"async\" width=\"464\" height=\"464\" src=\"https:\/\/www.rabat.net\/es\/magazine\/wp-content\/uploads\/2026\/03\/RABAT_C10-edited.png\" alt=\"\" class=\"wp-image-25138\" srcset=\"https:\/\/www.rabat.net\/es\/magazine\/wp-content\/uploads\/2026\/03\/RABAT_C10-edited.png 464w, https:\/\/www.rabat.net\/es\/magazine\/wp-content\/uploads\/2026\/03\/RABAT_C10-edited-150x150.png 150w, https:\/\/www.rabat.net\/es\/magazine\/wp-content\/uploads\/2026\/03\/RABAT_C10-edited-24x24.png 24w, https:\/\/www.rabat.net\/es\/magazine\/wp-content\/uploads\/2026\/03\/RABAT_C10-edited-48x48.png 48w, https:\/\/www.rabat.net\/es\/magazine\/wp-content\/uploads\/2026\/03\/RABAT_C10-edited-96x96.png 96w, https:\/\/www.rabat.net\/es\/magazine\/wp-content\/uploads\/2026\/03\/RABAT_C10-edited-300x300.png 300w\" sizes=\"(max-width: 464px) 100vw, 464px\" \/><\/figure>\n<\/div>\n\n\n\n<div class=\"wp-block-column is-layout-flow wp-block-column-is-layout-flow\" style=\"flex-basis:33.33%\"><div class=\"lazyblock-informacion-Z2m0eRA wp-block-lazyblock-informacion\"><h3 class=\"informacion\"> \n Informaci\u00f3n<\/h3>\n<ul class=\"ubicaciones\">\n<li><span class=\"txt-titulo\">Direcci\u00f3n<\/span><span class=\"txt-contenido\">Paseo de Gr\u00e0cia 94, 08008 Barcelona<\/span><\/li><li><span class=\"txt-titulo\">Tel\u00e9fono:<\/span><span class=\"txt-contenido\">933 84 41 11<\/span><\/li><li><span class=\"txt-titulo\">Sitio web<\/span><span class=\"txt-contenido\"><a href=\"https:\/\/www.rabat.net\/es\/joyerias\/barcelona\">https:\/\/www.rabat.net\/es\/joyerias\/barcelona<\/a><\/span><\/li><\/ul><\/div><\/div>\n<\/div>\n\n\n\n<p class=\"wp-block-paragraph\"><\/p>\n","protected":false},"excerpt":{"rendered":"<p>La historia de RABAT est\u00e1 profundamente ligada a Barcelona. Aqu\u00ed naci\u00f3 la firma en 1977 y aqu\u00ed contin\u00faa evolucionando su universo de alta joyer\u00eda y relojer\u00eda.<\/p>\n","protected":false},"author":1,"featured_media":25120,"comment_status":"closed","ping_status":"closed","sticky":false,"template":"","format":"standard","meta":{"_acf_changed":false,"_crdt_document":"","footnotes":""},"categories":[1],"tags":[],"class_list":["post-25116","post","type-post","status-publish","format-standard","has-post-thumbnail","hentry","category-joyeria"],"acf":[],"yoast_head":"<!-- This site is optimized with the Yoast SEO plugin v27.2 - https:\/\/yoast.com\/product\/yoast-seo-wordpress\/ -->\n<title>RABAT Casa Codina: Viaje por las Cuatro Estaciones en Passeig de Gr\u00e0cia - RABAT Magazine<\/title>\n<meta name=\"description\" content=\"RABAT Casa Codina presenta un viaje por las cuatro estaciones: arte, luz y alta joyer\u00eda en Passeig de Gr\u00e0cia. Elegancia y emoci\u00f3n en Barcelona.\" \/>\n<meta name=\"robots\" content=\"index, follow, max-snippet:-1, max-image-preview:large, max-video-preview:-1\" \/>\n<link rel=\"canonical\" href=\"https:\/\/www.rabat.net\/es\/magazine\/rabat-casa-codina-cuatro-estaciones\" \/>\n<meta property=\"og:locale\" content=\"es_ES\" \/>\n<meta property=\"og:type\" content=\"article\" \/>\n<meta property=\"og:title\" content=\"RABAT Casa Codina: Viaje por las Cuatro Estaciones en Passeig de Gr\u00e0cia - RABAT Magazine\" \/>\n<meta property=\"og:description\" content=\"RABAT Casa Codina presenta un viaje por las cuatro estaciones: arte, luz y alta joyer\u00eda en Passeig de Gr\u00e0cia. Elegancia y emoci\u00f3n en Barcelona.\" \/>\n<meta property=\"og:url\" content=\"https:\/\/www.rabat.net\/es\/magazine\/rabat-casa-codina-cuatro-estaciones\" \/>\n<meta property=\"og:site_name\" content=\"RABAT Magazine\" \/>\n<meta property=\"article:author\" content=\"https:\/\/www.facebook.com\/JoyeriaRabat\/\" \/>\n<meta property=\"article:published_time\" content=\"2026-03-03T15:20:10+00:00\" \/>\n<meta property=\"article:modified_time\" content=\"2026-04-01T16:16:15+00:00\" \/>\n<meta property=\"og:image\" content=\"https:\/\/www.rabat.net\/es\/magazine\/wp-content\/uploads\/2026\/03\/RABAT_C2.png\" \/>\n\t<meta property=\"og:image:width\" content=\"854\" \/>\n\t<meta property=\"og:image:height\" content=\"564\" \/>\n\t<meta property=\"og:image:type\" content=\"image\/png\" \/>\n<meta name=\"author\" content=\"RABAT\" \/>\n<meta name=\"twitter:card\" content=\"summary_large_image\" \/>\n<meta name=\"twitter:label1\" content=\"Escrito por\" \/>\n\t<meta name=\"twitter:data1\" content=\"RABAT\" \/>\n\t<meta name=\"twitter:label2\" content=\"Tiempo de lectura\" \/>\n\t<meta name=\"twitter:data2\" content=\"6 minutos\" \/>\n<script type=\"application\/ld+json\" class=\"yoast-schema-graph\">{\"@context\":\"https:\/\/schema.org\",\"@graph\":[{\"@type\":\"Article\",\"@id\":\"https:\/\/www.rabat.net\/es\/magazine\/rabat-casa-codina-cuatro-estaciones#article\",\"isPartOf\":{\"@id\":\"https:\/\/www.rabat.net\/es\/magazine\/rabat-casa-codina-cuatro-estaciones\"},\"author\":{\"name\":\"RABAT\",\"@id\":\"https:\/\/www.rabat.net\/es\/magazine\/#\/schema\/person\/7b797b14a84926e5378f29d8753c6a86\"},\"headline\":\"RABAT Casa Codina: Viaje por las Cuatro Estaciones en Passeig de Gr\u00e0cia\",\"datePublished\":\"2026-03-03T15:20:10+00:00\",\"dateModified\":\"2026-04-01T16:16:15+00:00\",\"mainEntityOfPage\":{\"@id\":\"https:\/\/www.rabat.net\/es\/magazine\/rabat-casa-codina-cuatro-estaciones\"},\"wordCount\":707,\"publisher\":{\"@id\":\"https:\/\/www.rabat.net\/es\/magazine\/#organization\"},\"image\":{\"@id\":\"https:\/\/www.rabat.net\/es\/magazine\/rabat-casa-codina-cuatro-estaciones#primaryimage\"},\"thumbnailUrl\":\"https:\/\/www.rabat.net\/es\/magazine\/wp-content\/uploads\/2026\/03\/RABAT_C2.png\",\"articleSection\":[\"Joyas\"],\"inLanguage\":\"es\"},{\"@type\":\"WebPage\",\"@id\":\"https:\/\/www.rabat.net\/es\/magazine\/rabat-casa-codina-cuatro-estaciones\",\"url\":\"https:\/\/www.rabat.net\/es\/magazine\/rabat-casa-codina-cuatro-estaciones\",\"name\":\"RABAT Casa Codina: Viaje por las Cuatro Estaciones en Passeig de Gr\u00e0cia - RABAT Magazine\",\"isPartOf\":{\"@id\":\"https:\/\/www.rabat.net\/es\/magazine\/#website\"},\"primaryImageOfPage\":{\"@id\":\"https:\/\/www.rabat.net\/es\/magazine\/rabat-casa-codina-cuatro-estaciones#primaryimage\"},\"image\":{\"@id\":\"https:\/\/www.rabat.net\/es\/magazine\/rabat-casa-codina-cuatro-estaciones#primaryimage\"},\"thumbnailUrl\":\"https:\/\/www.rabat.net\/es\/magazine\/wp-content\/uploads\/2026\/03\/RABAT_C2.png\",\"datePublished\":\"2026-03-03T15:20:10+00:00\",\"dateModified\":\"2026-04-01T16:16:15+00:00\",\"description\":\"RABAT Casa Codina presenta un viaje por las cuatro estaciones: arte, luz y alta joyer\u00eda en Passeig de Gr\u00e0cia. Elegancia y emoci\u00f3n en Barcelona.\",\"breadcrumb\":{\"@id\":\"https:\/\/www.rabat.net\/es\/magazine\/rabat-casa-codina-cuatro-estaciones#breadcrumb\"},\"inLanguage\":\"es\",\"potentialAction\":[{\"@type\":\"ReadAction\",\"target\":[\"https:\/\/www.rabat.net\/es\/magazine\/rabat-casa-codina-cuatro-estaciones\"]}]},{\"@type\":\"ImageObject\",\"inLanguage\":\"es\",\"@id\":\"https:\/\/www.rabat.net\/es\/magazine\/rabat-casa-codina-cuatro-estaciones#primaryimage\",\"url\":\"https:\/\/www.rabat.net\/es\/magazine\/wp-content\/uploads\/2026\/03\/RABAT_C2.png\",\"contentUrl\":\"https:\/\/www.rabat.net\/es\/magazine\/wp-content\/uploads\/2026\/03\/RABAT_C2.png\",\"width\":854,\"height\":564},{\"@type\":\"BreadcrumbList\",\"@id\":\"https:\/\/www.rabat.net\/es\/magazine\/rabat-casa-codina-cuatro-estaciones#breadcrumb\",\"itemListElement\":[{\"@type\":\"ListItem\",\"position\":1,\"name\":\"Home\",\"item\":\"https:\/\/www.rabat.net\/es\/magazine\/\"},{\"@type\":\"ListItem\",\"position\":2,\"name\":\"RABAT Casa Codina: Viaje por las Cuatro Estaciones en Passeig de Gr\u00e0cia\"}]},{\"@type\":\"WebSite\",\"@id\":\"https:\/\/www.rabat.net\/es\/magazine\/#website\",\"url\":\"https:\/\/www.rabat.net\/es\/magazine\/\",\"name\":\"RABAT Magazine\",\"description\":\"Revista Digital de Joyer\u00eda y Relojer\u00eda\",\"publisher\":{\"@id\":\"https:\/\/www.rabat.net\/es\/magazine\/#organization\"},\"potentialAction\":[{\"@type\":\"SearchAction\",\"target\":{\"@type\":\"EntryPoint\",\"urlTemplate\":\"https:\/\/www.rabat.net\/es\/magazine\/?s={search_term_string}\"},\"query-input\":{\"@type\":\"PropertyValueSpecification\",\"valueRequired\":true,\"valueName\":\"search_term_string\"}}],\"inLanguage\":\"es\"},{\"@type\":\"Organization\",\"@id\":\"https:\/\/www.rabat.net\/es\/magazine\/#organization\",\"name\":\"RABAT Magazine\",\"url\":\"https:\/\/www.rabat.net\/es\/magazine\/\",\"logo\":{\"@type\":\"ImageObject\",\"inLanguage\":\"es\",\"@id\":\"https:\/\/www.rabat.net\/es\/magazine\/#\/schema\/logo\/image\/\",\"url\":\"https:\/\/www.rabat.net\/es\/magazine\/wp-content\/uploads\/2019\/04\/rabat-logotipo-stories.png\",\"contentUrl\":\"https:\/\/www.rabat.net\/es\/magazine\/wp-content\/uploads\/2019\/04\/rabat-logotipo-stories.png\",\"width\":250,\"height\":38,\"caption\":\"RABAT Magazine\"},\"image\":{\"@id\":\"https:\/\/www.rabat.net\/es\/magazine\/#\/schema\/logo\/image\/\"}},{\"@type\":\"Person\",\"@id\":\"https:\/\/www.rabat.net\/es\/magazine\/#\/schema\/person\/7b797b14a84926e5378f29d8753c6a86\",\"name\":\"RABAT\",\"sameAs\":[\"https:\/\/www.rabat.net\/es\/magazine\/\",\"https:\/\/www.facebook.com\/JoyeriaRabat\/\",\"https:\/\/www.instagram.com\/rabatjewellery\/\"],\"url\":\"https:\/\/www.rabat.net\/es\/magazine\/author\/admin\"}]}<\/script>\n<!-- \/ Yoast SEO plugin. -->","yoast_head_json":{"title":"RABAT Casa Codina: Viaje por las Cuatro Estaciones en Passeig de Gr\u00e0cia - RABAT Magazine","description":"RABAT Casa Codina presenta un viaje por las cuatro estaciones: arte, luz y alta joyer\u00eda en Passeig de Gr\u00e0cia. Elegancia y emoci\u00f3n en Barcelona.","robots":{"index":"index","follow":"follow","max-snippet":"max-snippet:-1","max-image-preview":"max-image-preview:large","max-video-preview":"max-video-preview:-1"},"canonical":"https:\/\/www.rabat.net\/es\/magazine\/rabat-casa-codina-cuatro-estaciones","og_locale":"es_ES","og_type":"article","og_title":"RABAT Casa Codina: Viaje por las Cuatro Estaciones en Passeig de Gr\u00e0cia - RABAT Magazine","og_description":"RABAT Casa Codina presenta un viaje por las cuatro estaciones: arte, luz y alta joyer\u00eda en Passeig de Gr\u00e0cia. Elegancia y emoci\u00f3n en Barcelona.","og_url":"https:\/\/www.rabat.net\/es\/magazine\/rabat-casa-codina-cuatro-estaciones","og_site_name":"RABAT Magazine","article_author":"https:\/\/www.facebook.com\/JoyeriaRabat\/","article_published_time":"2026-03-03T15:20:10+00:00","article_modified_time":"2026-04-01T16:16:15+00:00","og_image":[{"width":854,"height":564,"url":"https:\/\/www.rabat.net\/es\/magazine\/wp-content\/uploads\/2026\/03\/RABAT_C2.png","type":"image\/png"}],"author":"RABAT","twitter_card":"summary_large_image","twitter_misc":{"Escrito por":"RABAT","Tiempo de lectura":"6 minutos"},"schema":{"@context":"https:\/\/schema.org","@graph":[{"@type":"Article","@id":"https:\/\/www.rabat.net\/es\/magazine\/rabat-casa-codina-cuatro-estaciones#article","isPartOf":{"@id":"https:\/\/www.rabat.net\/es\/magazine\/rabat-casa-codina-cuatro-estaciones"},"author":{"name":"RABAT","@id":"https:\/\/www.rabat.net\/es\/magazine\/#\/schema\/person\/7b797b14a84926e5378f29d8753c6a86"},"headline":"RABAT Casa Codina: Viaje por las Cuatro Estaciones en Passeig de Gr\u00e0cia","datePublished":"2026-03-03T15:20:10+00:00","dateModified":"2026-04-01T16:16:15+00:00","mainEntityOfPage":{"@id":"https:\/\/www.rabat.net\/es\/magazine\/rabat-casa-codina-cuatro-estaciones"},"wordCount":707,"publisher":{"@id":"https:\/\/www.rabat.net\/es\/magazine\/#organization"},"image":{"@id":"https:\/\/www.rabat.net\/es\/magazine\/rabat-casa-codina-cuatro-estaciones#primaryimage"},"thumbnailUrl":"https:\/\/www.rabat.net\/es\/magazine\/wp-content\/uploads\/2026\/03\/RABAT_C2.png","articleSection":["Joyas"],"inLanguage":"es"},{"@type":"WebPage","@id":"https:\/\/www.rabat.net\/es\/magazine\/rabat-casa-codina-cuatro-estaciones","url":"https:\/\/www.rabat.net\/es\/magazine\/rabat-casa-codina-cuatro-estaciones","name":"RABAT Casa Codina: Viaje por las Cuatro Estaciones en Passeig de Gr\u00e0cia - RABAT Magazine","isPartOf":{"@id":"https:\/\/www.rabat.net\/es\/magazine\/#website"},"primaryImageOfPage":{"@id":"https:\/\/www.rabat.net\/es\/magazine\/rabat-casa-codina-cuatro-estaciones#primaryimage"},"image":{"@id":"https:\/\/www.rabat.net\/es\/magazine\/rabat-casa-codina-cuatro-estaciones#primaryimage"},"thumbnailUrl":"https:\/\/www.rabat.net\/es\/magazine\/wp-content\/uploads\/2026\/03\/RABAT_C2.png","datePublished":"2026-03-03T15:20:10+00:00","dateModified":"2026-04-01T16:16:15+00:00","description":"RABAT Casa Codina presenta un viaje por las cuatro estaciones: arte, luz y alta joyer\u00eda en Passeig de Gr\u00e0cia. Elegancia y emoci\u00f3n en Barcelona.","breadcrumb":{"@id":"https:\/\/www.rabat.net\/es\/magazine\/rabat-casa-codina-cuatro-estaciones#breadcrumb"},"inLanguage":"es","potentialAction":[{"@type":"ReadAction","target":["https:\/\/www.rabat.net\/es\/magazine\/rabat-casa-codina-cuatro-estaciones"]}]},{"@type":"ImageObject","inLanguage":"es","@id":"https:\/\/www.rabat.net\/es\/magazine\/rabat-casa-codina-cuatro-estaciones#primaryimage","url":"https:\/\/www.rabat.net\/es\/magazine\/wp-content\/uploads\/2026\/03\/RABAT_C2.png","contentUrl":"https:\/\/www.rabat.net\/es\/magazine\/wp-content\/uploads\/2026\/03\/RABAT_C2.png","width":854,"height":564},{"@type":"BreadcrumbList","@id":"https:\/\/www.rabat.net\/es\/magazine\/rabat-casa-codina-cuatro-estaciones#breadcrumb","itemListElement":[{"@type":"ListItem","position":1,"name":"Home","item":"https:\/\/www.rabat.net\/es\/magazine\/"},{"@type":"ListItem","position":2,"name":"RABAT Casa Codina: Viaje por las Cuatro Estaciones en Passeig de Gr\u00e0cia"}]},{"@type":"WebSite","@id":"https:\/\/www.rabat.net\/es\/magazine\/#website","url":"https:\/\/www.rabat.net\/es\/magazine\/","name":"RABAT Magazine","description":"Revista Digital de Joyer\u00eda y Relojer\u00eda","publisher":{"@id":"https:\/\/www.rabat.net\/es\/magazine\/#organization"},"potentialAction":[{"@type":"SearchAction","target":{"@type":"EntryPoint","urlTemplate":"https:\/\/www.rabat.net\/es\/magazine\/?s={search_term_string}"},"query-input":{"@type":"PropertyValueSpecification","valueRequired":true,"valueName":"search_term_string"}}],"inLanguage":"es"},{"@type":"Organization","@id":"https:\/\/www.rabat.net\/es\/magazine\/#organization","name":"RABAT Magazine","url":"https:\/\/www.rabat.net\/es\/magazine\/","logo":{"@type":"ImageObject","inLanguage":"es","@id":"https:\/\/www.rabat.net\/es\/magazine\/#\/schema\/logo\/image\/","url":"https:\/\/www.rabat.net\/es\/magazine\/wp-content\/uploads\/2019\/04\/rabat-logotipo-stories.png","contentUrl":"https:\/\/www.rabat.net\/es\/magazine\/wp-content\/uploads\/2019\/04\/rabat-logotipo-stories.png","width":250,"height":38,"caption":"RABAT Magazine"},"image":{"@id":"https:\/\/www.rabat.net\/es\/magazine\/#\/schema\/logo\/image\/"}},{"@type":"Person","@id":"https:\/\/www.rabat.net\/es\/magazine\/#\/schema\/person\/7b797b14a84926e5378f29d8753c6a86","name":"RABAT","sameAs":["https:\/\/www.rabat.net\/es\/magazine\/","https:\/\/www.facebook.com\/JoyeriaRabat\/","https:\/\/www.instagram.com\/rabatjewellery\/"],"url":"https:\/\/www.rabat.net\/es\/magazine\/author\/admin"}]}},"_links":{"self":[{"href":"https:\/\/www.rabat.net\/es\/magazine\/wp-json\/wp\/v2\/posts\/25116","targetHints":{"allow":["GET"]}}],"collection":[{"href":"https:\/\/www.rabat.net\/es\/magazine\/wp-json\/wp\/v2\/posts"}],"about":[{"href":"https:\/\/www.rabat.net\/es\/magazine\/wp-json\/wp\/v2\/types\/post"}],"author":[{"embeddable":true,"href":"https:\/\/www.rabat.net\/es\/magazine\/wp-json\/wp\/v2\/users\/1"}],"replies":[{"embeddable":true,"href":"https:\/\/www.rabat.net\/es\/magazine\/wp-json\/wp\/v2\/comments?post=25116"}],"version-history":[{"count":14,"href":"https:\/\/www.rabat.net\/es\/magazine\/wp-json\/wp\/v2\/posts\/25116\/revisions"}],"predecessor-version":[{"id":25773,"href":"https:\/\/www.rabat.net\/es\/magazine\/wp-json\/wp\/v2\/posts\/25116\/revisions\/25773"}],"wp:featuredmedia":[{"embeddable":true,"href":"https:\/\/www.rabat.net\/es\/magazine\/wp-json\/wp\/v2\/media\/25120"}],"wp:attachment":[{"href":"https:\/\/www.rabat.net\/es\/magazine\/wp-json\/wp\/v2\/media?parent=25116"}],"wp:term":[{"taxonomy":"category","embeddable":true,"href":"https:\/\/www.rabat.net\/es\/magazine\/wp-json\/wp\/v2\/categories?post=25116"},{"taxonomy":"post_tag","embeddable":true,"href":"https:\/\/www.rabat.net\/es\/magazine\/wp-json\/wp\/v2\/tags?post=25116"}],"curies":[{"name":"wp","href":"https:\/\/api.w.org\/{rel}","templated":true}]}}