{"id":3370,"date":"2021-04-21T08:26:59","date_gmt":"2021-04-21T08:26:59","guid":{"rendered":"https:\/\/www.rabat.net\/es\/magazine?p=3370"},"modified":"2021-04-28T08:34:44","modified_gmt":"2021-04-28T08:34:44","slug":"libros-joya-para-sonar-y-viajar","status":"publish","type":"post","link":"https:\/\/www.rabat.net\/es\/magazine\/libros-joya-para-sonar-y-viajar","title":{"rendered":"Libros joya para so\u00f1ar (y viajar)"},"content":{"rendered":"\n<p class=\"wp-block-paragraph\">\u201cHay m\u00e1s tesoros en los libros que en todo el bot\u00edn del pirata de <em>La isla del tesoro<\/em>\u201d, aclamaba Walt Disney. Y as\u00ed es. Cu\u00e1ntos cl\u00e1sicos de la literatura inspiraron sus pel\u00edculas y a generaciones y generaciones de ni\u00f1os que se  han trasladado hasta para\u00edsos imaginarios, universos on\u00edricos y sue\u00f1os<br>imposibles a trav\u00e9s de sus personajes.<\/p>\n\n\n\n<p class=\"wp-block-paragraph\">Los libros han representado siempre la forma m\u00e1s pr\u00e1ctica de trasladarse, de viajar, de so\u00f1ar. Y en un momento en el que nos sentimos presos de las normas, de la imposibilidad de retomar los viajes, los vuelos, las aventuras\u2026 las grandes editoriales de estilo de vida se han volcado, m\u00e1s que nunca, en hacernos so\u00f1ar, en convertir sus p\u00e1ginas y ediciones espaciales en un billete de first class para sentarse y saborear desde nuestro sof\u00e1, e introducirnos en el placer de viajar a trav\u00e9s de la lectura, de la vista.<\/p>\n\n\n\n<p class=\"wp-block-paragraph\">Traslad\u00e9monos por un momento hasta la isla de Capri. Es la d\u00e9cada de los a\u00f1os 50, Jacqueline Kennedy navega por sus aguas y camina por sus calles con un mini vestido estampado de Emilio Pucci. Marilyn Monroe compra sus pantalones Capri y sus vestidos fluidos y serpenteados a todo color. Las aguas del Mediterr\u00e1neo se colman de estrellas de cine vestidas por el hombre que ama a las mujeres.<\/p>\n\n\n\n<figure class=\"wp-block-gallery columns-2 is-cropped wp-block-gallery-2 is-layout-flex wp-block-gallery-is-layout-flex\"><ul class=\"blocks-gallery-grid\"><li class=\"blocks-gallery-item\"><figure><img fetchpriority=\"high\" decoding=\"async\" width=\"1640\" height=\"1359\" src=\"https:\/\/www.rabat.net\/es\/magazine\/wp-content\/uploads\/2021\/04\/pucci_2nd_ed_xl_int_book026_x_08106_2102021806_id_1345817-1.jpg\" alt=\"\" data-id=\"3373\" data-full-url=\"https:\/\/www.rabat.net\/es\/magazine\/wp-content\/uploads\/2021\/04\/pucci_2nd_ed_xl_int_book026_x_08106_2102021806_id_1345817-1.jpg\" data-link=\"https:\/\/www.rabat.net\/es\/magazine?attachment_id=3373\" class=\"wp-image-3373\"\/><\/figure><\/li><li class=\"blocks-gallery-item\"><figure><img decoding=\"async\" width=\"1640\" height=\"1053\" src=\"https:\/\/www.rabat.net\/es\/magazine\/wp-content\/uploads\/2021\/04\/pucci_2nd_ed_xl_int_open003_024_025_x_08106_2102171323_id_1344418.jpg\" alt=\"\" data-id=\"3374\" data-full-url=\"https:\/\/www.rabat.net\/es\/magazine\/wp-content\/uploads\/2021\/04\/pucci_2nd_ed_xl_int_open003_024_025_x_08106_2102171323_id_1344418.jpg\" data-link=\"https:\/\/www.rabat.net\/es\/magazine?attachment_id=3374\" class=\"wp-image-3374\"\/><\/figure><\/li><\/ul><figcaption class=\"blocks-gallery-caption\">Portada e interior del libro de edici\u00f3n limitada Pucci, de Taschen.<\/figcaption><\/figure>\n\n\n\n<p class=\"wp-block-paragraph\">El dise\u00f1ador Emilio Pucci sent\u00eda pasi\u00f3n por ellas, su sentido visionario del estilo, su ojo cl\u00ednico para el color y el dise\u00f1o se recoge en un conjunto de im\u00e1genes privadas del archivo de la fundaci\u00f3n que lleva su nombre y que acaba de editar un libro de coleccionista junto a la editorial Taschen con estos cientos de fotograf\u00edas, dibujos e im\u00e1genes de la firma a lo largo de su historia. A mediados de los sesenta, la marca era sin\u00f3nimo del estilo de vida dorado de la <em>jetset<\/em> internacional y as\u00ed lo recoge el texto de Vanessa Friedman, redactora jefe de moda del <em>Financial Times<\/em>, que sit\u00faa los logros de Emilio Pucci en el contexto de la historia de la moda y ofrece una visi\u00f3n de la extraordinaria dinast\u00eda Pucci. Cada libro est\u00e1 encuadernado con un tejido estampado original seleccionado de la colecci\u00f3n de la casa italiana. Alessandra Arezzi Boza, experta en historia de la indumentaria y conservadora de la Fundaci\u00f3n Emilio Pucci ha colaborado en este  despliegue de p\u00e1ginas llenas de ingenio, color y sue\u00f1os.<\/p>\n\n\n\n<figure class=\"wp-block-gallery columns-2 is-cropped wp-block-gallery-3 is-layout-flex wp-block-gallery-is-layout-flex\"><ul class=\"blocks-gallery-grid\"><li class=\"blocks-gallery-item\"><figure><img decoding=\"async\" width=\"2000\" height=\"1920\" src=\"https:\/\/www.rabat.net\/es\/magazine\/wp-content\/uploads\/2021\/04\/174A_PUCCI_2ND_ED_XL_08106-1.jpg\" alt=\"\" data-id=\"3376\" data-full-url=\"https:\/\/www.rabat.net\/es\/magazine\/wp-content\/uploads\/2021\/04\/174A_PUCCI_2ND_ED_XL_08106-1.jpg\" data-link=\"https:\/\/www.rabat.net\/es\/magazine?attachment_id=3376\" class=\"wp-image-3376\" srcset=\"https:\/\/www.rabat.net\/es\/magazine\/wp-content\/uploads\/2021\/04\/174A_PUCCI_2ND_ED_XL_08106-1.jpg 2000w, https:\/\/www.rabat.net\/es\/magazine\/wp-content\/uploads\/2021\/04\/174A_PUCCI_2ND_ED_XL_08106-1-24x24.jpg 24w\" sizes=\"(max-width: 2000px) 100vw, 2000px\" \/><figcaption class=\"blocks-gallery-item__caption\">Imagen del Archivo de Emilio Pucci de una modelo vestida de Emilio Pucci en Capri, 1954.&nbsp;<\/figcaption><\/figure><\/li><li class=\"blocks-gallery-item\"><figure><img loading=\"lazy\" decoding=\"async\" width=\"1800\" height=\"2278\" src=\"https:\/\/www.rabat.net\/es\/magazine\/wp-content\/uploads\/2021\/04\/343A_PUCCI_2ND_ED_XL_08106.jpg\" alt=\"\" data-id=\"3377\" data-full-url=\"https:\/\/www.rabat.net\/es\/magazine\/wp-content\/uploads\/2021\/04\/343A_PUCCI_2ND_ED_XL_08106.jpg\" data-link=\"https:\/\/www.rabat.net\/es\/magazine?attachment_id=3377\" class=\"wp-image-3377\"\/><figcaption class=\"blocks-gallery-item__caption\">El marqu\u00e9s Emilio Pucci visitando el Centro Espacial de la NASA, frente a una maqueta del m\u00f3dulo de exclusi\u00f3n lunar en Houston, Texas, 1969.<\/figcaption><\/figure><\/li><\/ul><\/figure>\n\n\n\n<p class=\"wp-block-paragraph\">Viajemos ahora hasta lo m\u00e1s profundo del imperio asi\u00e1tico. \u201cNo importa lo ocupado que puedas pensar que est\u00e1s, debes encontrar tiempo para leer o entregarte a la ignorancia autoelegida\u201d, pronunciaba el gran pensador chino Confucio. El pensamiento filos\u00f3fico de Confucio centraba sus bases en el poder de la educaci\u00f3n como virtud m\u00e1s preciada. <\/p>\n\n\n\n<p class=\"wp-block-paragraph\">Si cerramos los ojos podr\u00edamos trasladarnos hasta la tercera dinast\u00eda Ming a las puertas de la Ciudad Prohibida de Pek\u00edn en el a\u00f1o 1406. Los volvemos a abrir y nos encontramos entre las p\u00e1ginas de la ultima edici\u00f3n especial <em>Forbidden City<\/em>: <em>The Palace at the Heart of Chinese Culture<\/em>, que ha editado<br>Assouline con el motivo de la celebraci\u00f3n del 600 aniversario del fin de su contrucci\u00f3n.<\/p>\n\n\n\n<figure class=\"wp-block-image size-full\"><img loading=\"lazy\" decoding=\"async\" width=\"2048\" height=\"2048\" src=\"https:\/\/www.rabat.net\/es\/magazine\/wp-content\/uploads\/2021\/04\/Forbidden-City-3D-1-1.jpg\" alt=\"\" class=\"wp-image-3379\" srcset=\"https:\/\/www.rabat.net\/es\/magazine\/wp-content\/uploads\/2021\/04\/Forbidden-City-3D-1-1.jpg 2048w, https:\/\/www.rabat.net\/es\/magazine\/wp-content\/uploads\/2021\/04\/Forbidden-City-3D-1-1-24x24.jpg 24w, https:\/\/www.rabat.net\/es\/magazine\/wp-content\/uploads\/2021\/04\/Forbidden-City-3D-1-1-48x48.jpg 48w, https:\/\/www.rabat.net\/es\/magazine\/wp-content\/uploads\/2021\/04\/Forbidden-City-3D-1-1-96x96.jpg 96w, https:\/\/www.rabat.net\/es\/magazine\/wp-content\/uploads\/2021\/04\/Forbidden-City-3D-1-1-150x150.jpg 150w, https:\/\/www.rabat.net\/es\/magazine\/wp-content\/uploads\/2021\/04\/Forbidden-City-3D-1-1-300x300.jpg 300w\" sizes=\"(max-width: 2048px) 100vw, 2048px\" \/><figcaption>Portada de la edici\u00f3n limitada de Assouline con motivo del 600 aniversario de la Ciudad Prohibida de Pekin.&nbsp;<\/figcaption><\/figure>\n\n\n\n<p class=\"wp-block-paragraph\">La Ciudad Prohibida, Patrimonio de la Humanidad de la UNESCO desde 1987, acogi\u00f3 el centro de poder de las dinast\u00edas Ming y Qing. Ahora, esta edici\u00f3n recoge el esplendor de la cultura imperial de los \u00faltimos seis siglos. Fotograf\u00edas de sus espacios y superficies extensas, sus piezas \u00fanicas, aut\u00e9nticas obras de arte y objetos que han marcado la iconograf\u00eda de siglos de cultura asi\u00e1tica.<\/p>\n\n\n\n<figure class=\"wp-block-gallery columns-2 is-cropped wp-block-gallery-4 is-layout-flex wp-block-gallery-is-layout-flex\"><ul class=\"blocks-gallery-grid\"><li class=\"blocks-gallery-item\"><figure><img loading=\"lazy\" decoding=\"async\" width=\"2000\" height=\"812\" src=\"https:\/\/www.rabat.net\/es\/magazine\/wp-content\/uploads\/2021\/04\/5-\u00a9-Haiwei-Hu-Getty.jpg\" alt=\"\" data-id=\"3380\" data-full-url=\"https:\/\/www.rabat.net\/es\/magazine\/wp-content\/uploads\/2021\/04\/5-\u00a9-Haiwei-Hu-Getty.jpg\" data-link=\"https:\/\/www.rabat.net\/es\/magazine?attachment_id=3380\" class=\"wp-image-3380\"\/><\/figure><\/li><li class=\"blocks-gallery-item\"><figure><img loading=\"lazy\" decoding=\"async\" width=\"2000\" height=\"1408\" src=\"https:\/\/www.rabat.net\/es\/magazine\/wp-content\/uploads\/2021\/04\/6-\u00a9-World-Monuments-Fund.jpg\" alt=\"\" data-id=\"3381\" data-full-url=\"https:\/\/www.rabat.net\/es\/magazine\/wp-content\/uploads\/2021\/04\/6-\u00a9-World-Monuments-Fund.jpg\" data-link=\"https:\/\/www.rabat.net\/es\/magazine?attachment_id=3381\" class=\"wp-image-3381\" srcset=\"https:\/\/www.rabat.net\/es\/magazine\/wp-content\/uploads\/2021\/04\/6-\u00a9-World-Monuments-Fund.jpg 2000w, https:\/\/www.rabat.net\/es\/magazine\/wp-content\/uploads\/2021\/04\/6-\u00a9-World-Monuments-Fund-1024x720.jpg 1024w, https:\/\/www.rabat.net\/es\/magazine\/wp-content\/uploads\/2021\/04\/6-\u00a9-World-Monuments-Fund-1200x844.jpg 1200w, https:\/\/www.rabat.net\/es\/magazine\/wp-content\/uploads\/2021\/04\/6-\u00a9-World-Monuments-Fund-200x140.jpg 200w\" sizes=\"(max-width: 2000px) 100vw, 2000px\" \/><\/figure><\/li><\/ul><figcaption class=\"blocks-gallery-caption\">Interiores de la Ciudad Prohibida en Pek\u00edn, Patrimonio de la Humanidad de la UNESCO desde 1987.<\/figcaption><\/figure>\n\n\n\n<p class=\"wp-block-paragraph\">\u201cEl ojo tiene que viajar\u201d. El mundo de la moda le debe a la gran Diana Vreeland uno de los mejores consejos que puede recibir cualquier persona con deseo de aprender, con el \u00e1nimo de so\u00f1ar y crear moda. Vreeland se convirti\u00f3 en la primera editora de moda del mundo aquella noche de 1937 en la que Carmel Snow, entonces directora de la revista Harpers Bazaar, la vi\u00f3 bailando en el rooftop del hotel St. Regis en Nueva York, con un vestido de encaje blanco de Chanel. A partir de ah\u00ed, el resto es historia. Sus incre\u00edbles producciones en destinos ex\u00f3ticos, viajes incre\u00edbles y modelos fastuosas retratadas a trav\u00e9s de los objetivos de fot\u00f3grafos como Irving Penn o Richard Avedon que le acompa\u00f1aron durante sus cincuenta a\u00f1os dedicados a la moda. Todos estos momentos, lugares y personajes se recogen en el ya ic\u00f3nico libro <em>\u201cDiana Vreeland: The Eye Has to Travel\u201d<\/em>, editado por Abrams Books. <\/p>\n\n\n\n<div class=\"wp-block-image\"><figure class=\"aligncenter size-full\"><img loading=\"lazy\" decoding=\"async\" width=\"501\" height=\"603\" src=\"https:\/\/www.rabat.net\/es\/magazine\/wp-content\/uploads\/2021\/04\/Captura-de-pantalla-2021-04-08-a-las-13.23.31.png\" alt=\"\" class=\"wp-image-3382\"\/><figcaption>Portada del libro Diana Vreeland: The Eye Has to Travel, de la editorial Abrams Books.<\/figcaption><\/figure><\/div>\n\n\n\n<p class=\"wp-block-paragraph\">Aunque no se trata de una edici\u00f3n nueva, este t\u00edtulo es probablemente una de las mayores joyas de la biblioteca fashionista, y un deleite visual con el que poder viajar a trav\u00e9s de las mejores im\u00e1genes de la historia de la moda. Esta temporada viajar seguir\u00e1 siendo un placer a trav\u00e9s de estos maravillosos libros joya.<\/p>\n","protected":false},"excerpt":{"rendered":"<p>Los coffee table books se han convertido en el mejor billete en clase business para no<br \/>\ndejar de viajar a los lugares m\u00e1s enso\u00f1adores del planeta a trav\u00e9s de sus p\u00e1ginas.<\/p>\n","protected":false},"author":10,"featured_media":3376,"comment_status":"closed","ping_status":"closed","sticky":false,"template":"","format":"standard","meta":{"_acf_changed":false,"_crdt_document":"","footnotes":""},"categories":[1],"tags":[],"class_list":["post-3370","post","type-post","status-publish","format-standard","has-post-thumbnail","hentry","category-joyeria"],"acf":[],"yoast_head":"<!-- This site is optimized with the Yoast SEO plugin v27.2 - https:\/\/yoast.com\/product\/yoast-seo-wordpress\/ -->\n<title>Libros joya para so\u00f1ar (y viajar) - RABAT Magazine<\/title>\n<meta name=\"description\" content=\"Los coffee table books se han convertido en el mejor billete en clase business para no dejar de viajar a los lugares m\u00e1s enso\u00f1adores del planeta a trav\u00e9s de sus p\u00e1ginas.\" \/>\n<meta name=\"robots\" content=\"index, follow, max-snippet:-1, max-image-preview:large, max-video-preview:-1\" \/>\n<link rel=\"canonical\" href=\"https:\/\/www.rabat.net\/es\/magazine\/libros-joya-para-sonar-y-viajar\" \/>\n<meta property=\"og:locale\" content=\"es_ES\" \/>\n<meta property=\"og:type\" content=\"article\" \/>\n<meta property=\"og:title\" content=\"Libros joya para so\u00f1ar (y viajar) - RABAT Magazine\" \/>\n<meta property=\"og:description\" content=\"Los coffee table books se han convertido en el mejor billete en clase business para no dejar de viajar a los lugares m\u00e1s enso\u00f1adores del planeta a trav\u00e9s de sus p\u00e1ginas.\" \/>\n<meta property=\"og:url\" content=\"https:\/\/www.rabat.net\/es\/magazine\/libros-joya-para-sonar-y-viajar\" \/>\n<meta property=\"og:site_name\" content=\"RABAT Magazine\" \/>\n<meta property=\"article:published_time\" content=\"2021-04-21T08:26:59+00:00\" \/>\n<meta property=\"article:modified_time\" content=\"2021-04-28T08:34:44+00:00\" \/>\n<meta property=\"og:image\" content=\"https:\/\/www.rabat.net\/es\/magazine\/wp-content\/uploads\/2021\/04\/174A_PUCCI_2ND_ED_XL_08106-1.jpg\" \/>\n\t<meta property=\"og:image:width\" content=\"2000\" \/>\n\t<meta property=\"og:image:height\" content=\"1920\" \/>\n\t<meta property=\"og:image:type\" content=\"image\/jpeg\" \/>\n<meta name=\"author\" content=\"Maite Sebasti\u00e0\" \/>\n<meta name=\"twitter:card\" content=\"summary_large_image\" \/>\n<meta name=\"twitter:label1\" content=\"Escrito por\" \/>\n\t<meta name=\"twitter:data1\" content=\"Maite Sebasti\u00e0\" \/>\n\t<meta name=\"twitter:label2\" content=\"Tiempo de lectura\" \/>\n\t<meta name=\"twitter:data2\" content=\"6 minutos\" \/>\n<script type=\"application\/ld+json\" class=\"yoast-schema-graph\">{\"@context\":\"https:\/\/schema.org\",\"@graph\":[{\"@type\":\"Article\",\"@id\":\"https:\/\/www.rabat.net\/es\/magazine\/libros-joya-para-sonar-y-viajar#article\",\"isPartOf\":{\"@id\":\"https:\/\/www.rabat.net\/es\/magazine\/libros-joya-para-sonar-y-viajar\"},\"author\":{\"name\":\"Maite Sebasti\u00e0\",\"@id\":\"https:\/\/www.rabat.net\/es\/magazine\/#\/schema\/person\/98f88028be11e9374377338047a36515\"},\"headline\":\"Libros joya para so\u00f1ar (y viajar)\",\"datePublished\":\"2021-04-21T08:26:59+00:00\",\"dateModified\":\"2021-04-28T08:34:44+00:00\",\"mainEntityOfPage\":{\"@id\":\"https:\/\/www.rabat.net\/es\/magazine\/libros-joya-para-sonar-y-viajar\"},\"wordCount\":961,\"publisher\":{\"@id\":\"https:\/\/www.rabat.net\/es\/magazine\/#organization\"},\"image\":{\"@id\":\"https:\/\/www.rabat.net\/es\/magazine\/libros-joya-para-sonar-y-viajar#primaryimage\"},\"thumbnailUrl\":\"https:\/\/www.rabat.net\/es\/magazine\/wp-content\/uploads\/2021\/04\/174A_PUCCI_2ND_ED_XL_08106-1.jpg\",\"articleSection\":[\"Joyas\"],\"inLanguage\":\"es\"},{\"@type\":\"WebPage\",\"@id\":\"https:\/\/www.rabat.net\/es\/magazine\/libros-joya-para-sonar-y-viajar\",\"url\":\"https:\/\/www.rabat.net\/es\/magazine\/libros-joya-para-sonar-y-viajar\",\"name\":\"Libros joya para so\u00f1ar (y viajar) - RABAT Magazine\",\"isPartOf\":{\"@id\":\"https:\/\/www.rabat.net\/es\/magazine\/#website\"},\"primaryImageOfPage\":{\"@id\":\"https:\/\/www.rabat.net\/es\/magazine\/libros-joya-para-sonar-y-viajar#primaryimage\"},\"image\":{\"@id\":\"https:\/\/www.rabat.net\/es\/magazine\/libros-joya-para-sonar-y-viajar#primaryimage\"},\"thumbnailUrl\":\"https:\/\/www.rabat.net\/es\/magazine\/wp-content\/uploads\/2021\/04\/174A_PUCCI_2ND_ED_XL_08106-1.jpg\",\"datePublished\":\"2021-04-21T08:26:59+00:00\",\"dateModified\":\"2021-04-28T08:34:44+00:00\",\"description\":\"Los coffee table books se han convertido en el mejor billete en clase business para no dejar de viajar a los lugares m\u00e1s enso\u00f1adores del planeta a trav\u00e9s de sus p\u00e1ginas.\",\"breadcrumb\":{\"@id\":\"https:\/\/www.rabat.net\/es\/magazine\/libros-joya-para-sonar-y-viajar#breadcrumb\"},\"inLanguage\":\"es\",\"potentialAction\":[{\"@type\":\"ReadAction\",\"target\":[\"https:\/\/www.rabat.net\/es\/magazine\/libros-joya-para-sonar-y-viajar\"]}]},{\"@type\":\"ImageObject\",\"inLanguage\":\"es\",\"@id\":\"https:\/\/www.rabat.net\/es\/magazine\/libros-joya-para-sonar-y-viajar#primaryimage\",\"url\":\"https:\/\/www.rabat.net\/es\/magazine\/wp-content\/uploads\/2021\/04\/174A_PUCCI_2ND_ED_XL_08106-1.jpg\",\"contentUrl\":\"https:\/\/www.rabat.net\/es\/magazine\/wp-content\/uploads\/2021\/04\/174A_PUCCI_2ND_ED_XL_08106-1.jpg\",\"width\":2000,\"height\":1920},{\"@type\":\"BreadcrumbList\",\"@id\":\"https:\/\/www.rabat.net\/es\/magazine\/libros-joya-para-sonar-y-viajar#breadcrumb\",\"itemListElement\":[{\"@type\":\"ListItem\",\"position\":1,\"name\":\"Home\",\"item\":\"https:\/\/www.rabat.net\/es\/magazine\/\"},{\"@type\":\"ListItem\",\"position\":2,\"name\":\"Libros joya para so\u00f1ar (y viajar)\"}]},{\"@type\":\"WebSite\",\"@id\":\"https:\/\/www.rabat.net\/es\/magazine\/#website\",\"url\":\"https:\/\/www.rabat.net\/es\/magazine\/\",\"name\":\"RABAT Magazine\",\"description\":\"Revista Digital de Joyer\u00eda y Relojer\u00eda\",\"publisher\":{\"@id\":\"https:\/\/www.rabat.net\/es\/magazine\/#organization\"},\"potentialAction\":[{\"@type\":\"SearchAction\",\"target\":{\"@type\":\"EntryPoint\",\"urlTemplate\":\"https:\/\/www.rabat.net\/es\/magazine\/?s={search_term_string}\"},\"query-input\":{\"@type\":\"PropertyValueSpecification\",\"valueRequired\":true,\"valueName\":\"search_term_string\"}}],\"inLanguage\":\"es\"},{\"@type\":\"Organization\",\"@id\":\"https:\/\/www.rabat.net\/es\/magazine\/#organization\",\"name\":\"RABAT Magazine\",\"url\":\"https:\/\/www.rabat.net\/es\/magazine\/\",\"logo\":{\"@type\":\"ImageObject\",\"inLanguage\":\"es\",\"@id\":\"https:\/\/www.rabat.net\/es\/magazine\/#\/schema\/logo\/image\/\",\"url\":\"https:\/\/www.rabat.net\/es\/magazine\/wp-content\/uploads\/2019\/04\/rabat-logotipo-stories.png\",\"contentUrl\":\"https:\/\/www.rabat.net\/es\/magazine\/wp-content\/uploads\/2019\/04\/rabat-logotipo-stories.png\",\"width\":250,\"height\":38,\"caption\":\"RABAT Magazine\"},\"image\":{\"@id\":\"https:\/\/www.rabat.net\/es\/magazine\/#\/schema\/logo\/image\/\"}},{\"@type\":\"Person\",\"@id\":\"https:\/\/www.rabat.net\/es\/magazine\/#\/schema\/person\/98f88028be11e9374377338047a36515\",\"name\":\"Maite Sebasti\u00e0\",\"description\":\"Periodista especializada en la direcci\u00f3n de revistas de moda y estilo de vida. Entre otros, ha ejercido como redactora jefe de Moda de la revista TELVA y m\u00e1s tarde como Subdirectora de la revista VOGUE ESPA\u00d1A. En la actualidad dirige el Master en Comunicaci\u00f3n y Marketing de Moda, FASHION NOW_ en Barreira A+D, es la subdirectora del Diploma de VOGUE-UC3M de Moda y Sostenibilidad, es editora de estilo de vida en medios como la revista S Moda (El Pa\u00eds) y colabora como consultora en proyectos de moda y fotograf\u00eda.\",\"sameAs\":[\"Carlos Marzo\"],\"url\":\"https:\/\/www.rabat.net\/es\/magazine\/author\/maite-sebastia\"}]}<\/script>\n<!-- \/ Yoast SEO plugin. -->","yoast_head_json":{"title":"Libros joya para so\u00f1ar (y viajar) - RABAT Magazine","description":"Los coffee table books se han convertido en el mejor billete en clase business para no dejar de viajar a los lugares m\u00e1s enso\u00f1adores del planeta a trav\u00e9s de sus p\u00e1ginas.","robots":{"index":"index","follow":"follow","max-snippet":"max-snippet:-1","max-image-preview":"max-image-preview:large","max-video-preview":"max-video-preview:-1"},"canonical":"https:\/\/www.rabat.net\/es\/magazine\/libros-joya-para-sonar-y-viajar","og_locale":"es_ES","og_type":"article","og_title":"Libros joya para so\u00f1ar (y viajar) - RABAT Magazine","og_description":"Los coffee table books se han convertido en el mejor billete en clase business para no dejar de viajar a los lugares m\u00e1s enso\u00f1adores del planeta a trav\u00e9s de sus p\u00e1ginas.","og_url":"https:\/\/www.rabat.net\/es\/magazine\/libros-joya-para-sonar-y-viajar","og_site_name":"RABAT Magazine","article_published_time":"2021-04-21T08:26:59+00:00","article_modified_time":"2021-04-28T08:34:44+00:00","og_image":[{"width":2000,"height":1920,"url":"https:\/\/www.rabat.net\/es\/magazine\/wp-content\/uploads\/2021\/04\/174A_PUCCI_2ND_ED_XL_08106-1.jpg","type":"image\/jpeg"}],"author":"Maite Sebasti\u00e0","twitter_card":"summary_large_image","twitter_misc":{"Escrito por":"Maite Sebasti\u00e0","Tiempo de lectura":"6 minutos"},"schema":{"@context":"https:\/\/schema.org","@graph":[{"@type":"Article","@id":"https:\/\/www.rabat.net\/es\/magazine\/libros-joya-para-sonar-y-viajar#article","isPartOf":{"@id":"https:\/\/www.rabat.net\/es\/magazine\/libros-joya-para-sonar-y-viajar"},"author":{"name":"Maite Sebasti\u00e0","@id":"https:\/\/www.rabat.net\/es\/magazine\/#\/schema\/person\/98f88028be11e9374377338047a36515"},"headline":"Libros joya para so\u00f1ar (y viajar)","datePublished":"2021-04-21T08:26:59+00:00","dateModified":"2021-04-28T08:34:44+00:00","mainEntityOfPage":{"@id":"https:\/\/www.rabat.net\/es\/magazine\/libros-joya-para-sonar-y-viajar"},"wordCount":961,"publisher":{"@id":"https:\/\/www.rabat.net\/es\/magazine\/#organization"},"image":{"@id":"https:\/\/www.rabat.net\/es\/magazine\/libros-joya-para-sonar-y-viajar#primaryimage"},"thumbnailUrl":"https:\/\/www.rabat.net\/es\/magazine\/wp-content\/uploads\/2021\/04\/174A_PUCCI_2ND_ED_XL_08106-1.jpg","articleSection":["Joyas"],"inLanguage":"es"},{"@type":"WebPage","@id":"https:\/\/www.rabat.net\/es\/magazine\/libros-joya-para-sonar-y-viajar","url":"https:\/\/www.rabat.net\/es\/magazine\/libros-joya-para-sonar-y-viajar","name":"Libros joya para so\u00f1ar (y viajar) - RABAT Magazine","isPartOf":{"@id":"https:\/\/www.rabat.net\/es\/magazine\/#website"},"primaryImageOfPage":{"@id":"https:\/\/www.rabat.net\/es\/magazine\/libros-joya-para-sonar-y-viajar#primaryimage"},"image":{"@id":"https:\/\/www.rabat.net\/es\/magazine\/libros-joya-para-sonar-y-viajar#primaryimage"},"thumbnailUrl":"https:\/\/www.rabat.net\/es\/magazine\/wp-content\/uploads\/2021\/04\/174A_PUCCI_2ND_ED_XL_08106-1.jpg","datePublished":"2021-04-21T08:26:59+00:00","dateModified":"2021-04-28T08:34:44+00:00","description":"Los coffee table books se han convertido en el mejor billete en clase business para no dejar de viajar a los lugares m\u00e1s enso\u00f1adores del planeta a trav\u00e9s de sus p\u00e1ginas.","breadcrumb":{"@id":"https:\/\/www.rabat.net\/es\/magazine\/libros-joya-para-sonar-y-viajar#breadcrumb"},"inLanguage":"es","potentialAction":[{"@type":"ReadAction","target":["https:\/\/www.rabat.net\/es\/magazine\/libros-joya-para-sonar-y-viajar"]}]},{"@type":"ImageObject","inLanguage":"es","@id":"https:\/\/www.rabat.net\/es\/magazine\/libros-joya-para-sonar-y-viajar#primaryimage","url":"https:\/\/www.rabat.net\/es\/magazine\/wp-content\/uploads\/2021\/04\/174A_PUCCI_2ND_ED_XL_08106-1.jpg","contentUrl":"https:\/\/www.rabat.net\/es\/magazine\/wp-content\/uploads\/2021\/04\/174A_PUCCI_2ND_ED_XL_08106-1.jpg","width":2000,"height":1920},{"@type":"BreadcrumbList","@id":"https:\/\/www.rabat.net\/es\/magazine\/libros-joya-para-sonar-y-viajar#breadcrumb","itemListElement":[{"@type":"ListItem","position":1,"name":"Home","item":"https:\/\/www.rabat.net\/es\/magazine\/"},{"@type":"ListItem","position":2,"name":"Libros joya para so\u00f1ar (y viajar)"}]},{"@type":"WebSite","@id":"https:\/\/www.rabat.net\/es\/magazine\/#website","url":"https:\/\/www.rabat.net\/es\/magazine\/","name":"RABAT Magazine","description":"Revista Digital de Joyer\u00eda y Relojer\u00eda","publisher":{"@id":"https:\/\/www.rabat.net\/es\/magazine\/#organization"},"potentialAction":[{"@type":"SearchAction","target":{"@type":"EntryPoint","urlTemplate":"https:\/\/www.rabat.net\/es\/magazine\/?s={search_term_string}"},"query-input":{"@type":"PropertyValueSpecification","valueRequired":true,"valueName":"search_term_string"}}],"inLanguage":"es"},{"@type":"Organization","@id":"https:\/\/www.rabat.net\/es\/magazine\/#organization","name":"RABAT Magazine","url":"https:\/\/www.rabat.net\/es\/magazine\/","logo":{"@type":"ImageObject","inLanguage":"es","@id":"https:\/\/www.rabat.net\/es\/magazine\/#\/schema\/logo\/image\/","url":"https:\/\/www.rabat.net\/es\/magazine\/wp-content\/uploads\/2019\/04\/rabat-logotipo-stories.png","contentUrl":"https:\/\/www.rabat.net\/es\/magazine\/wp-content\/uploads\/2019\/04\/rabat-logotipo-stories.png","width":250,"height":38,"caption":"RABAT Magazine"},"image":{"@id":"https:\/\/www.rabat.net\/es\/magazine\/#\/schema\/logo\/image\/"}},{"@type":"Person","@id":"https:\/\/www.rabat.net\/es\/magazine\/#\/schema\/person\/98f88028be11e9374377338047a36515","name":"Maite Sebasti\u00e0","description":"Periodista especializada en la direcci\u00f3n de revistas de moda y estilo de vida. Entre otros, ha ejercido como redactora jefe de Moda de la revista TELVA y m\u00e1s tarde como Subdirectora de la revista VOGUE ESPA\u00d1A. En la actualidad dirige el Master en Comunicaci\u00f3n y Marketing de Moda, FASHION NOW_ en Barreira A+D, es la subdirectora del Diploma de VOGUE-UC3M de Moda y Sostenibilidad, es editora de estilo de vida en medios como la revista S Moda (El Pa\u00eds) y colabora como consultora en proyectos de moda y fotograf\u00eda.","sameAs":["Carlos Marzo"],"url":"https:\/\/www.rabat.net\/es\/magazine\/author\/maite-sebastia"}]}},"_links":{"self":[{"href":"https:\/\/www.rabat.net\/es\/magazine\/wp-json\/wp\/v2\/posts\/3370","targetHints":{"allow":["GET"]}}],"collection":[{"href":"https:\/\/www.rabat.net\/es\/magazine\/wp-json\/wp\/v2\/posts"}],"about":[{"href":"https:\/\/www.rabat.net\/es\/magazine\/wp-json\/wp\/v2\/types\/post"}],"author":[{"embeddable":true,"href":"https:\/\/www.rabat.net\/es\/magazine\/wp-json\/wp\/v2\/users\/10"}],"replies":[{"embeddable":true,"href":"https:\/\/www.rabat.net\/es\/magazine\/wp-json\/wp\/v2\/comments?post=3370"}],"version-history":[{"count":3,"href":"https:\/\/www.rabat.net\/es\/magazine\/wp-json\/wp\/v2\/posts\/3370\/revisions"}],"predecessor-version":[{"id":3477,"href":"https:\/\/www.rabat.net\/es\/magazine\/wp-json\/wp\/v2\/posts\/3370\/revisions\/3477"}],"wp:featuredmedia":[{"embeddable":true,"href":"https:\/\/www.rabat.net\/es\/magazine\/wp-json\/wp\/v2\/media\/3376"}],"wp:attachment":[{"href":"https:\/\/www.rabat.net\/es\/magazine\/wp-json\/wp\/v2\/media?parent=3370"}],"wp:term":[{"taxonomy":"category","embeddable":true,"href":"https:\/\/www.rabat.net\/es\/magazine\/wp-json\/wp\/v2\/categories?post=3370"},{"taxonomy":"post_tag","embeddable":true,"href":"https:\/\/www.rabat.net\/es\/magazine\/wp-json\/wp\/v2\/tags?post=3370"}],"curies":[{"name":"wp","href":"https:\/\/api.w.org\/{rel}","templated":true}]}}