{"id":6414,"date":"2022-04-06T12:05:38","date_gmt":"2022-04-06T12:05:38","guid":{"rendered":"https:\/\/www.rabat.net\/es\/magazine?p=6414"},"modified":"2023-06-30T07:18:25","modified_gmt":"2023-06-30T07:18:25","slug":"los-pendientes-de-la-boda-de-isabelle-junot","status":"publish","type":"post","link":"https:\/\/www.rabat.net\/es\/magazine\/los-pendientes-de-la-boda-de-isabelle-junot","title":{"rendered":"Los pendientes de la boda de Isabelle Junot"},"content":{"rendered":"\n<p class=\"wp-block-paragraph\">El pasado 2 de abril, Isabelle Junot y \u00c1lvaro Falc\u00f3 celebraron su maravilloso enlace en el emblem\u00e1tico Palacio de Mirabel. Un d\u00eda repleto de magia donde los novios brillaron como nunca acompa\u00f1ados de la luz eterna de las joyas RABAT.<\/p>\n\n\n\n<h2 class=\"wp-block-heading\">Isabelle, una belleza \u00fanica para un d\u00eda inolvidable<\/h2>\n\n\n\n<p class=\"wp-block-paragraph\">Isabelle Junot, la novia de esta temporada, luci\u00f3 espectacular en el d\u00eda que se ha convertido en el m\u00e1s especial de ella y, el ahora su marido \u00c1lvaro. Con una luminosidad infinita caracter\u00edstica de la ilusi\u00f3n de la felicidad del momento, Isabelle eligi\u00f3 unos pendientes earcuff en oro blanco de diamantes para protagonizar el enlace de sus sue\u00f1os.<\/p>\n\n\n\n<div class=\"wp-block-image\"><figure class=\"aligncenter size-full\"><img fetchpriority=\"high\" decoding=\"async\" width=\"1024\" height=\"1024\" src=\"https:\/\/www.rabat.net\/es\/magazine\/wp-content\/uploads\/2022\/04\/earcuff_IsabelJunot.jpg\" alt=\"Pendientes earcuff de oro blanco y diamantes talla brillante\" class=\"wp-image-6416\" srcset=\"https:\/\/www.rabat.net\/es\/magazine\/wp-content\/uploads\/2022\/04\/earcuff_IsabelJunot.jpg 1024w, https:\/\/www.rabat.net\/es\/magazine\/wp-content\/uploads\/2022\/04\/earcuff_IsabelJunot-24x24.jpg 24w, https:\/\/www.rabat.net\/es\/magazine\/wp-content\/uploads\/2022\/04\/earcuff_IsabelJunot-48x48.jpg 48w, https:\/\/www.rabat.net\/es\/magazine\/wp-content\/uploads\/2022\/04\/earcuff_IsabelJunot-96x96.jpg 96w, https:\/\/www.rabat.net\/es\/magazine\/wp-content\/uploads\/2022\/04\/earcuff_IsabelJunot-150x150.jpg 150w, https:\/\/www.rabat.net\/es\/magazine\/wp-content\/uploads\/2022\/04\/earcuff_IsabelJunot-300x300.jpg 300w\" sizes=\"(max-width: 1024px) 100vw, 1024px\" \/><figcaption>Pendientes earcuff de oro blanco y diamantes talla brillante<\/figcaption><\/figure><\/div>\n\n\n\n<p class=\"wp-block-paragraph\">Esta maravillosa pieza elaborada por los artesanos RABAT representa el balance perfecto entre las \u00faltimas tendencias y la elegancia m\u00e1s cl\u00e1sica ya atemporal. Con 24 diamantes talla brillante en su totalidad; esta pieza preserva la luz eterna de esta piedra preciosa de manera infinita gracias a una minuciosa selecci\u00f3n de cada diamante para lograr el mejor dise\u00f1o posible y su \u00f3ptima proyecci\u00f3n de luz.<\/p>\n\n\n<div class=\"lazyblock-producto-ZL01nM wp-block-lazyblock-producto\">\n\n<div class=\"related-product_intro\">Descubra en nuestra boutique&#8230;<\/div>\n<div class=\"landing_featured_product one\">\n\t\t<div class=\"product_item\"><a href=\"https:\/\/www.rabat.net\/es\/pendientes-earcuff-rabat-de-oro-blanco-con-diamantes-p021519055.html?utm_source=rmd&#038;utm_medium=buttonproduct\">\n\t\t\t<div class=\"product_item_image\"><img decoding=\"async\" class=\"related-product_img\" src=\"https:\/\/www.rabat.net\/es\/magazine\/wp-content\/uploads\/2022\/04\/p021519055_1.jpg\" alt=\"Pendientes earcuff desmontables Rabat de oro blanco con diamantes\"><\/div>\n\t\t\t<p>Pendientes earcuff desmontables Rabat de oro blanco con diamantes<\/p>\n\t\t\t<div class=\"product_item_button\">Ver detalle<\/div>\n\t\t<\/a><\/div>\n\t<div class=\"clear\"><\/div>\n<\/div>\n\n\n\n\n<\/div>\n\n\n<h2 class=\"wp-block-heading\">Una preboda con diamantes RABAT<\/h2>\n\n\n\n<p class=\"wp-block-paragraph\">La noche anterior al d\u00eda D la pareja reuni\u00f3 a parte de sus invitados para festejar su inminente uni\u00f3n. Una velada entre amigos y familiares en la que la novia volvi\u00f3 a confiar en RABAT para su look luciendo unos magn\u00edficos pendientes <em>baguette<\/em> con <em>pav\u00e9 <\/em>de diamantes.<\/p>\n\n\n\n<figure class=\"wp-block-image size-large\"><img decoding=\"async\" width=\"1024\" height=\"844\" src=\"https:\/\/www.rabat.net\/es\/magazine\/wp-content\/uploads\/2022\/04\/P150200120-1024x844.jpg\" alt=\"Pendientes de diamantes y oro blanco\" class=\"wp-image-6417\"\/><figcaption>Pendientes de diamantes y oro blanco<\/figcaption><\/figure>\n\n\n\n<h2 class=\"wp-block-heading\">Las alianzas: El sello protagonista del &#8216;S\u00ed, quiero&#8217;<\/h2>\n\n\n\n<p class=\"wp-block-paragraph\">Dos alianzas de oro RABAT de la colecci\u00f3n <em><a href=\"https:\/\/www.rabat.net\/es\/joyas\/anillos\/alianzas-boda\">Always You<\/a><\/em>, fueron las encargadas de sellar un matrimonio que comienza una nueva historia. Como todas las alianzas RABAT, las elegidas por los novios est\u00e1n elaboradas por joyeros artesanos, encargados de preparar el anillo de sus sue\u00f1os<\/p>\n\n\n\n<figure class=\"wp-block-image size-large\"><img decoding=\"async\" width=\"1024\" height=\"538\" src=\"https:\/\/www.rabat.net\/es\/magazine\/wp-content\/uploads\/2022\/04\/Alianzas_Isabel-Junot.jpg\" alt=\"Alianzas RABAT\" class=\"wp-image-6418\"\/><figcaption><a href=\"https:\/\/www.rabat.net\/es\/joyas\/anillos\/alianzas-boda\" target=\"_blank\" rel=\"noreferrer noopener\">Alianzas RABAT <\/a>&#8216;Always You&#8217;<\/figcaption><\/figure>\n\n\n\n<p class=\"wp-block-paragraph\"><\/p>\n","protected":false},"excerpt":{"rendered":"<p>El primer fin de semana de abril ha sido protagonizado por uno de los momentos m\u00e1s m\u00e1gicos del a\u00f1o: Isabelle Junot y \u00e1lvaro Falc\u00f3 se daban el s\u00ed quiero acompa\u00f1ados de joyas RABAT.<\/p>\n","protected":false},"author":1,"featured_media":6420,"comment_status":"closed","ping_status":"closed","sticky":false,"template":"","format":"standard","meta":{"_acf_changed":false,"_crdt_document":"","footnotes":""},"categories":[1,324],"tags":[],"class_list":["post-6414","post","type-post","status-publish","format-standard","has-post-thumbnail","hentry","category-joyeria","category-novias"],"acf":[],"yoast_head":"<!-- This site is optimized with the Yoast SEO plugin v27.2 - https:\/\/yoast.com\/product\/yoast-seo-wordpress\/ -->\n<title>Los pendientes de la boda de Isabelle Junot - RABAT Magazine<\/title>\n<meta name=\"description\" content=\"El pasado 2 de abril, Isabelle Junot y \u00c1lvaro Falc\u00f3 celebraron un d\u00eda m\u00e1gico donde brillaron acompa\u00f1ados de la luz eterna de las joyas RABAT.\" \/>\n<meta name=\"robots\" content=\"index, follow, max-snippet:-1, max-image-preview:large, max-video-preview:-1\" \/>\n<link rel=\"canonical\" href=\"https:\/\/www.rabat.net\/es\/magazine\/los-pendientes-de-la-boda-de-isabelle-junot\" \/>\n<meta property=\"og:locale\" content=\"es_ES\" \/>\n<meta property=\"og:type\" content=\"article\" \/>\n<meta property=\"og:title\" content=\"Los pendientes de la boda de Isabelle Junot - RABAT Magazine\" \/>\n<meta property=\"og:description\" content=\"El pasado 2 de abril, Isabelle Junot y \u00c1lvaro Falc\u00f3 celebraron un d\u00eda m\u00e1gico donde brillaron acompa\u00f1ados de la luz eterna de las joyas RABAT.\" \/>\n<meta property=\"og:url\" content=\"https:\/\/www.rabat.net\/es\/magazine\/los-pendientes-de-la-boda-de-isabelle-junot\" \/>\n<meta property=\"og:site_name\" content=\"RABAT Magazine\" \/>\n<meta property=\"article:author\" content=\"https:\/\/www.facebook.com\/JoyeriaRabat\/\" \/>\n<meta property=\"article:published_time\" content=\"2022-04-06T12:05:38+00:00\" \/>\n<meta property=\"article:modified_time\" content=\"2023-06-30T07:18:25+00:00\" \/>\n<meta property=\"og:image\" content=\"https:\/\/www.rabat.net\/es\/magazine\/wp-content\/uploads\/2022\/04\/foto-post-Isabelle-Junot_RMD.jpg\" \/>\n\t<meta property=\"og:image:width\" content=\"1024\" \/>\n\t<meta property=\"og:image:height\" content=\"1024\" \/>\n\t<meta property=\"og:image:type\" content=\"image\/jpeg\" \/>\n<meta name=\"author\" content=\"RABAT\" \/>\n<meta name=\"twitter:card\" content=\"summary_large_image\" \/>\n<meta name=\"twitter:label1\" content=\"Escrito por\" \/>\n\t<meta name=\"twitter:data1\" content=\"RABAT\" \/>\n\t<meta name=\"twitter:label2\" content=\"Tiempo de lectura\" \/>\n\t<meta name=\"twitter:data2\" content=\"2 minutos\" \/>\n<script type=\"application\/ld+json\" class=\"yoast-schema-graph\">{\"@context\":\"https:\/\/schema.org\",\"@graph\":[{\"@type\":\"Article\",\"@id\":\"https:\/\/www.rabat.net\/es\/magazine\/los-pendientes-de-la-boda-de-isabelle-junot#article\",\"isPartOf\":{\"@id\":\"https:\/\/www.rabat.net\/es\/magazine\/los-pendientes-de-la-boda-de-isabelle-junot\"},\"author\":{\"name\":\"RABAT\",\"@id\":\"https:\/\/www.rabat.net\/es\/magazine\/#\/schema\/person\/7b797b14a84926e5378f29d8753c6a86\"},\"headline\":\"Los pendientes de la boda de Isabelle Junot\",\"datePublished\":\"2022-04-06T12:05:38+00:00\",\"dateModified\":\"2023-06-30T07:18:25+00:00\",\"mainEntityOfPage\":{\"@id\":\"https:\/\/www.rabat.net\/es\/magazine\/los-pendientes-de-la-boda-de-isabelle-junot\"},\"wordCount\":320,\"publisher\":{\"@id\":\"https:\/\/www.rabat.net\/es\/magazine\/#organization\"},\"image\":{\"@id\":\"https:\/\/www.rabat.net\/es\/magazine\/los-pendientes-de-la-boda-de-isabelle-junot#primaryimage\"},\"thumbnailUrl\":\"https:\/\/www.rabat.net\/es\/magazine\/wp-content\/uploads\/2022\/04\/foto-post-Isabelle-Junot_RMD.jpg\",\"articleSection\":[\"Joyas\",\"Novias\"],\"inLanguage\":\"es\"},{\"@type\":\"WebPage\",\"@id\":\"https:\/\/www.rabat.net\/es\/magazine\/los-pendientes-de-la-boda-de-isabelle-junot\",\"url\":\"https:\/\/www.rabat.net\/es\/magazine\/los-pendientes-de-la-boda-de-isabelle-junot\",\"name\":\"Los pendientes de la boda de Isabelle Junot - RABAT Magazine\",\"isPartOf\":{\"@id\":\"https:\/\/www.rabat.net\/es\/magazine\/#website\"},\"primaryImageOfPage\":{\"@id\":\"https:\/\/www.rabat.net\/es\/magazine\/los-pendientes-de-la-boda-de-isabelle-junot#primaryimage\"},\"image\":{\"@id\":\"https:\/\/www.rabat.net\/es\/magazine\/los-pendientes-de-la-boda-de-isabelle-junot#primaryimage\"},\"thumbnailUrl\":\"https:\/\/www.rabat.net\/es\/magazine\/wp-content\/uploads\/2022\/04\/foto-post-Isabelle-Junot_RMD.jpg\",\"datePublished\":\"2022-04-06T12:05:38+00:00\",\"dateModified\":\"2023-06-30T07:18:25+00:00\",\"description\":\"El pasado 2 de abril, Isabelle Junot y \u00c1lvaro Falc\u00f3 celebraron un d\u00eda m\u00e1gico donde brillaron acompa\u00f1ados de la luz eterna de las joyas RABAT.\",\"breadcrumb\":{\"@id\":\"https:\/\/www.rabat.net\/es\/magazine\/los-pendientes-de-la-boda-de-isabelle-junot#breadcrumb\"},\"inLanguage\":\"es\",\"potentialAction\":[{\"@type\":\"ReadAction\",\"target\":[\"https:\/\/www.rabat.net\/es\/magazine\/los-pendientes-de-la-boda-de-isabelle-junot\"]}]},{\"@type\":\"ImageObject\",\"inLanguage\":\"es\",\"@id\":\"https:\/\/www.rabat.net\/es\/magazine\/los-pendientes-de-la-boda-de-isabelle-junot#primaryimage\",\"url\":\"https:\/\/www.rabat.net\/es\/magazine\/wp-content\/uploads\/2022\/04\/foto-post-Isabelle-Junot_RMD.jpg\",\"contentUrl\":\"https:\/\/www.rabat.net\/es\/magazine\/wp-content\/uploads\/2022\/04\/foto-post-Isabelle-Junot_RMD.jpg\",\"width\":1024,\"height\":1024},{\"@type\":\"BreadcrumbList\",\"@id\":\"https:\/\/www.rabat.net\/es\/magazine\/los-pendientes-de-la-boda-de-isabelle-junot#breadcrumb\",\"itemListElement\":[{\"@type\":\"ListItem\",\"position\":1,\"name\":\"Home\",\"item\":\"https:\/\/www.rabat.net\/es\/magazine\/\"},{\"@type\":\"ListItem\",\"position\":2,\"name\":\"Los pendientes de la boda de Isabelle Junot\"}]},{\"@type\":\"WebSite\",\"@id\":\"https:\/\/www.rabat.net\/es\/magazine\/#website\",\"url\":\"https:\/\/www.rabat.net\/es\/magazine\/\",\"name\":\"RABAT Magazine\",\"description\":\"Revista Digital de Joyer\u00eda y Relojer\u00eda\",\"publisher\":{\"@id\":\"https:\/\/www.rabat.net\/es\/magazine\/#organization\"},\"potentialAction\":[{\"@type\":\"SearchAction\",\"target\":{\"@type\":\"EntryPoint\",\"urlTemplate\":\"https:\/\/www.rabat.net\/es\/magazine\/?s={search_term_string}\"},\"query-input\":{\"@type\":\"PropertyValueSpecification\",\"valueRequired\":true,\"valueName\":\"search_term_string\"}}],\"inLanguage\":\"es\"},{\"@type\":\"Organization\",\"@id\":\"https:\/\/www.rabat.net\/es\/magazine\/#organization\",\"name\":\"RABAT Magazine\",\"url\":\"https:\/\/www.rabat.net\/es\/magazine\/\",\"logo\":{\"@type\":\"ImageObject\",\"inLanguage\":\"es\",\"@id\":\"https:\/\/www.rabat.net\/es\/magazine\/#\/schema\/logo\/image\/\",\"url\":\"https:\/\/www.rabat.net\/es\/magazine\/wp-content\/uploads\/2019\/04\/rabat-logotipo-stories.png\",\"contentUrl\":\"https:\/\/www.rabat.net\/es\/magazine\/wp-content\/uploads\/2019\/04\/rabat-logotipo-stories.png\",\"width\":250,\"height\":38,\"caption\":\"RABAT Magazine\"},\"image\":{\"@id\":\"https:\/\/www.rabat.net\/es\/magazine\/#\/schema\/logo\/image\/\"}},{\"@type\":\"Person\",\"@id\":\"https:\/\/www.rabat.net\/es\/magazine\/#\/schema\/person\/7b797b14a84926e5378f29d8753c6a86\",\"name\":\"RABAT\",\"sameAs\":[\"https:\/\/www.rabat.net\/es\/magazine\/\",\"https:\/\/www.facebook.com\/JoyeriaRabat\/\",\"https:\/\/www.instagram.com\/rabatjewellery\/\"],\"url\":\"https:\/\/www.rabat.net\/es\/magazine\/author\/admin\"}]}<\/script>\n<!-- \/ Yoast SEO plugin. -->","yoast_head_json":{"title":"Los pendientes de la boda de Isabelle Junot - RABAT Magazine","description":"El pasado 2 de abril, Isabelle Junot y \u00c1lvaro Falc\u00f3 celebraron un d\u00eda m\u00e1gico donde brillaron acompa\u00f1ados de la luz eterna de las joyas RABAT.","robots":{"index":"index","follow":"follow","max-snippet":"max-snippet:-1","max-image-preview":"max-image-preview:large","max-video-preview":"max-video-preview:-1"},"canonical":"https:\/\/www.rabat.net\/es\/magazine\/los-pendientes-de-la-boda-de-isabelle-junot","og_locale":"es_ES","og_type":"article","og_title":"Los pendientes de la boda de Isabelle Junot - RABAT Magazine","og_description":"El pasado 2 de abril, Isabelle Junot y \u00c1lvaro Falc\u00f3 celebraron un d\u00eda m\u00e1gico donde brillaron acompa\u00f1ados de la luz eterna de las joyas RABAT.","og_url":"https:\/\/www.rabat.net\/es\/magazine\/los-pendientes-de-la-boda-de-isabelle-junot","og_site_name":"RABAT Magazine","article_author":"https:\/\/www.facebook.com\/JoyeriaRabat\/","article_published_time":"2022-04-06T12:05:38+00:00","article_modified_time":"2023-06-30T07:18:25+00:00","og_image":[{"width":1024,"height":1024,"url":"https:\/\/www.rabat.net\/es\/magazine\/wp-content\/uploads\/2022\/04\/foto-post-Isabelle-Junot_RMD.jpg","type":"image\/jpeg"}],"author":"RABAT","twitter_card":"summary_large_image","twitter_misc":{"Escrito por":"RABAT","Tiempo de lectura":"2 minutos"},"schema":{"@context":"https:\/\/schema.org","@graph":[{"@type":"Article","@id":"https:\/\/www.rabat.net\/es\/magazine\/los-pendientes-de-la-boda-de-isabelle-junot#article","isPartOf":{"@id":"https:\/\/www.rabat.net\/es\/magazine\/los-pendientes-de-la-boda-de-isabelle-junot"},"author":{"name":"RABAT","@id":"https:\/\/www.rabat.net\/es\/magazine\/#\/schema\/person\/7b797b14a84926e5378f29d8753c6a86"},"headline":"Los pendientes de la boda de Isabelle Junot","datePublished":"2022-04-06T12:05:38+00:00","dateModified":"2023-06-30T07:18:25+00:00","mainEntityOfPage":{"@id":"https:\/\/www.rabat.net\/es\/magazine\/los-pendientes-de-la-boda-de-isabelle-junot"},"wordCount":320,"publisher":{"@id":"https:\/\/www.rabat.net\/es\/magazine\/#organization"},"image":{"@id":"https:\/\/www.rabat.net\/es\/magazine\/los-pendientes-de-la-boda-de-isabelle-junot#primaryimage"},"thumbnailUrl":"https:\/\/www.rabat.net\/es\/magazine\/wp-content\/uploads\/2022\/04\/foto-post-Isabelle-Junot_RMD.jpg","articleSection":["Joyas","Novias"],"inLanguage":"es"},{"@type":"WebPage","@id":"https:\/\/www.rabat.net\/es\/magazine\/los-pendientes-de-la-boda-de-isabelle-junot","url":"https:\/\/www.rabat.net\/es\/magazine\/los-pendientes-de-la-boda-de-isabelle-junot","name":"Los pendientes de la boda de Isabelle Junot - RABAT Magazine","isPartOf":{"@id":"https:\/\/www.rabat.net\/es\/magazine\/#website"},"primaryImageOfPage":{"@id":"https:\/\/www.rabat.net\/es\/magazine\/los-pendientes-de-la-boda-de-isabelle-junot#primaryimage"},"image":{"@id":"https:\/\/www.rabat.net\/es\/magazine\/los-pendientes-de-la-boda-de-isabelle-junot#primaryimage"},"thumbnailUrl":"https:\/\/www.rabat.net\/es\/magazine\/wp-content\/uploads\/2022\/04\/foto-post-Isabelle-Junot_RMD.jpg","datePublished":"2022-04-06T12:05:38+00:00","dateModified":"2023-06-30T07:18:25+00:00","description":"El pasado 2 de abril, Isabelle Junot y \u00c1lvaro Falc\u00f3 celebraron un d\u00eda m\u00e1gico donde brillaron acompa\u00f1ados de la luz eterna de las joyas RABAT.","breadcrumb":{"@id":"https:\/\/www.rabat.net\/es\/magazine\/los-pendientes-de-la-boda-de-isabelle-junot#breadcrumb"},"inLanguage":"es","potentialAction":[{"@type":"ReadAction","target":["https:\/\/www.rabat.net\/es\/magazine\/los-pendientes-de-la-boda-de-isabelle-junot"]}]},{"@type":"ImageObject","inLanguage":"es","@id":"https:\/\/www.rabat.net\/es\/magazine\/los-pendientes-de-la-boda-de-isabelle-junot#primaryimage","url":"https:\/\/www.rabat.net\/es\/magazine\/wp-content\/uploads\/2022\/04\/foto-post-Isabelle-Junot_RMD.jpg","contentUrl":"https:\/\/www.rabat.net\/es\/magazine\/wp-content\/uploads\/2022\/04\/foto-post-Isabelle-Junot_RMD.jpg","width":1024,"height":1024},{"@type":"BreadcrumbList","@id":"https:\/\/www.rabat.net\/es\/magazine\/los-pendientes-de-la-boda-de-isabelle-junot#breadcrumb","itemListElement":[{"@type":"ListItem","position":1,"name":"Home","item":"https:\/\/www.rabat.net\/es\/magazine\/"},{"@type":"ListItem","position":2,"name":"Los pendientes de la boda de Isabelle Junot"}]},{"@type":"WebSite","@id":"https:\/\/www.rabat.net\/es\/magazine\/#website","url":"https:\/\/www.rabat.net\/es\/magazine\/","name":"RABAT Magazine","description":"Revista Digital de Joyer\u00eda y Relojer\u00eda","publisher":{"@id":"https:\/\/www.rabat.net\/es\/magazine\/#organization"},"potentialAction":[{"@type":"SearchAction","target":{"@type":"EntryPoint","urlTemplate":"https:\/\/www.rabat.net\/es\/magazine\/?s={search_term_string}"},"query-input":{"@type":"PropertyValueSpecification","valueRequired":true,"valueName":"search_term_string"}}],"inLanguage":"es"},{"@type":"Organization","@id":"https:\/\/www.rabat.net\/es\/magazine\/#organization","name":"RABAT Magazine","url":"https:\/\/www.rabat.net\/es\/magazine\/","logo":{"@type":"ImageObject","inLanguage":"es","@id":"https:\/\/www.rabat.net\/es\/magazine\/#\/schema\/logo\/image\/","url":"https:\/\/www.rabat.net\/es\/magazine\/wp-content\/uploads\/2019\/04\/rabat-logotipo-stories.png","contentUrl":"https:\/\/www.rabat.net\/es\/magazine\/wp-content\/uploads\/2019\/04\/rabat-logotipo-stories.png","width":250,"height":38,"caption":"RABAT Magazine"},"image":{"@id":"https:\/\/www.rabat.net\/es\/magazine\/#\/schema\/logo\/image\/"}},{"@type":"Person","@id":"https:\/\/www.rabat.net\/es\/magazine\/#\/schema\/person\/7b797b14a84926e5378f29d8753c6a86","name":"RABAT","sameAs":["https:\/\/www.rabat.net\/es\/magazine\/","https:\/\/www.facebook.com\/JoyeriaRabat\/","https:\/\/www.instagram.com\/rabatjewellery\/"],"url":"https:\/\/www.rabat.net\/es\/magazine\/author\/admin"}]}},"_links":{"self":[{"href":"https:\/\/www.rabat.net\/es\/magazine\/wp-json\/wp\/v2\/posts\/6414","targetHints":{"allow":["GET"]}}],"collection":[{"href":"https:\/\/www.rabat.net\/es\/magazine\/wp-json\/wp\/v2\/posts"}],"about":[{"href":"https:\/\/www.rabat.net\/es\/magazine\/wp-json\/wp\/v2\/types\/post"}],"author":[{"embeddable":true,"href":"https:\/\/www.rabat.net\/es\/magazine\/wp-json\/wp\/v2\/users\/1"}],"replies":[{"embeddable":true,"href":"https:\/\/www.rabat.net\/es\/magazine\/wp-json\/wp\/v2\/comments?post=6414"}],"version-history":[{"count":4,"href":"https:\/\/www.rabat.net\/es\/magazine\/wp-json\/wp\/v2\/posts\/6414\/revisions"}],"predecessor-version":[{"id":10910,"href":"https:\/\/www.rabat.net\/es\/magazine\/wp-json\/wp\/v2\/posts\/6414\/revisions\/10910"}],"wp:featuredmedia":[{"embeddable":true,"href":"https:\/\/www.rabat.net\/es\/magazine\/wp-json\/wp\/v2\/media\/6420"}],"wp:attachment":[{"href":"https:\/\/www.rabat.net\/es\/magazine\/wp-json\/wp\/v2\/media?parent=6414"}],"wp:term":[{"taxonomy":"category","embeddable":true,"href":"https:\/\/www.rabat.net\/es\/magazine\/wp-json\/wp\/v2\/categories?post=6414"},{"taxonomy":"post_tag","embeddable":true,"href":"https:\/\/www.rabat.net\/es\/magazine\/wp-json\/wp\/v2\/tags?post=6414"}],"curies":[{"name":"wp","href":"https:\/\/api.w.org\/{rel}","templated":true}]}}