{"id":8429,"date":"2022-11-14T11:01:35","date_gmt":"2022-11-14T11:01:35","guid":{"rendered":"https:\/\/www.rabat.net\/es\/magazine?p=8429"},"modified":"2024-04-29T14:13:19","modified_gmt":"2024-04-29T14:13:19","slug":"los-abrigos-con-mas-estilo","status":"publish","type":"post","link":"https:\/\/www.rabat.net\/es\/magazine\/los-abrigos-con-mas-estilo","title":{"rendered":"Los abrigos con m\u00e1s estilo"},"content":{"rendered":"\n<p class=\"wp-block-paragraph\">Una de las frases m\u00e1s famosas de la televisi\u00f3n en los \u00faltimos tiempos, que ha resultado como una especie de mantra para muchos seguidores de \u2018Juego de Tronos\u2019, ha sido \u2018<strong>Winter is coming<\/strong>\u2019. Y lo cierto es que, visto el fr\u00edo que hac\u00eda all\u00e1 por el muro, a nadie le extra\u00f1a que los protagonistas de una de las serie m\u00e1s exitosas de la historia de la peque\u00f1a pantalla le tuvieran m\u00e1s que miedo a aquella bajada de temperaturas.<\/p>\n\n\n\n<p class=\"wp-block-paragraph\">El fr\u00edo, antes o despu\u00e9s, llega y ya sea en la ciudad o en la monta\u00f1a, tenemos que abrigarnos. Durante siglos hemos desarrollado un abanico casi infinito con el que protegernos de los term\u00f3metros bajo cero. De hecho, durante siglos Espa\u00f1a fue todo un ejemplo a seguir cuando tocaba cubrirse y la oferta que encontraba el resto de Europa en el pa\u00eds de la piel de toro era pr\u00e1cticamente inabarcable.<\/p>\n\n\n\n<p class=\"wp-block-paragraph\">A d\u00eda de hoy, ning\u00fan hombre puede decir que no tiene sus opciones cubiertas a la hora de arreglarse para salir a la calle cuando hace fr\u00edo. Ya sea con un look m\u00e1s informal, prepar\u00e1ndose para una escapada a la monta\u00f1a o teniendo que vestirse para acudir al despacho, en su armario puede <strong>encontrar un sinf\u00edn de posibilidades para combinar ya no solo con su traje o vaquero, sino con el propio tiempo<\/strong>. \u00bfLlueve? \u00bfNieva? \u00bfO solamente hay un viento del norte que parece que los Caminantes Blanco se asoman por la esquina?<\/p>\n\n\n\n<p class=\"wp-block-paragraph\">Mientras preparamos las semanas de temperaturas g\u00e9lidas que est\u00e1n por venir, revisamos las distintas opciones para abrigarte que vas a poder encontrar esta temporada. Y para ello nos inspiramos en algunos personajes m\u00edticos de la gran pantalla, hombres que supieron no solo afrontar la nieve o la lluvia, sino tambi\u00e9n hacerlo d\u00e1ndonos toda una clase de estilo. Toma nota.<\/p>\n\n\n\n<h2 class=\"wp-block-heading\">Un invierno elegante<\/h2>\n\n\n\n<p class=\"wp-block-paragraph\"><strong>Giorgio Armani<\/strong> cambi\u00f3 el rumbo de la moda masculina gracias a una pel\u00edcula. En <strong>\u2018American Gigolo<\/strong>\u2019 (1980) Richard Gere no solo se convert\u00eda en uno de los actores que marcar\u00eda a m\u00e1s de una generaci\u00f3n (todav\u00eda estaba por llegar \u2018Pretty Woman\u2019), sino que configur\u00f3 lo que ser\u00eda el traje de los a\u00f1os 80. Entre los dise\u00f1os del maestro italiano se colaron algunos de los abrigos m\u00e1s maravillosos que hemos podido ver nunca en el S\u00e9ptimo Arte y recuperamos ese estilo este invierno para reivindicar una <a href=\"https:\/\/www.rabat.net\/es\/relojes\/clasicos.html?utm_source=rmd&amp;utm_medium=publicacion&amp;utm_content=watches&amp;utm_campaign=catwatches\">elegancia atemporal<\/a> que, por otra parte, no deja de reinventarse.<\/p>\n\n\n\n<p class=\"wp-block-paragraph\">La firma italiana <strong>Brioni <\/strong>presenta un dise\u00f1o que bien podr\u00eda haber formado parte de aquel vestuario cinematogr\u00e1fico. Se trata de un abrigo confeccionado en lana y alpaca que destila estilo por todos los costados. Apunta el detalle del cintur\u00f3n, ya que se va a convertir tambi\u00e9n en un elemento de referencia que ver\u00e1s en m\u00e1s de una propuesta (Dior, por ejemplo, tambi\u00e9n se decanta por abrigos con cintur\u00f3n). Presta atenci\u00f3n a las l\u00edneas relajadas, marcado por las hombreras y a la manera en la que se cruza, con cuatro botones.<\/p>\n\n\n\n<figure class=\"wp-block-image size-full\"><img fetchpriority=\"high\" decoding=\"async\" width=\"900\" height=\"1200\" src=\"https:\/\/www.rabat.net\/es\/magazine\/wp-content\/uploads\/2022\/11\/abrigo-brioni.jpg\" alt=\"Abrigo elegante Brioni\" class=\"wp-image-8431\"\/><figcaption><strong>\u00a9<\/strong>Brioni<\/figcaption><\/figure>\n\n\n\n<p class=\"wp-block-paragraph\">El color tambi\u00e9n se impone, porque hay hombres a los que no les gusta pasar desapercibidos. Para esto podemos recurrir a dise\u00f1os como los de <strong>Suit Supply<\/strong>, que apuesta por un llamativo naranja para conquistar las calles m\u00e1s fr\u00edas de nuestro pa\u00eds. Y, atenci\u00f3n, porque lo confecciona en <strong>pa\u00f1o de Casentino<\/strong>, que ya estuvo muy en tendencia hace diez a\u00f1os y que parece que regresa.<\/p>\n\n\n\n<figure class=\"wp-block-image size-full\"><img decoding=\"async\" width=\"990\" height=\"1369\" src=\"https:\/\/www.rabat.net\/es\/magazine\/wp-content\/uploads\/2022\/11\/abrigo-suit-supply.jpg\" alt=\"Abrigo elegante Suit Supply\" class=\"wp-image-8432\"\/><figcaption><strong>\u00a9<\/strong>Suit Supply<\/figcaption><\/figure>\n\n\n\n<h2 class=\"wp-block-heading\">La piel se impone<\/h2>\n\n\n\n<figure class=\"wp-block-image size-large\"><img decoding=\"async\" width=\"900\" height=\"444\" src=\"https:\/\/www.rabat.net\/es\/magazine\/wp-content\/uploads\/2022\/11\/abrigo-operacion-uncle.jpeg\" alt=\"Estilo abrigop piel Operaci\u00f3n U.N.C.L.E.\" class=\"wp-image-8434\"\/><\/figure>\n\n\n\n<p class=\"wp-block-paragraph\">De \u2018<strong>Operaci\u00f3n U.N.C.L.E.<\/strong>\u2019 (2015) no tenemos claro qu\u00e9 nos gusta m\u00e1s, si la trama, al m\u00e1s puro estilo 007, o la lecci\u00f3n de elegancia masculina que nos dan sus dos protagonistas: <strong>Henry Cavill<\/strong> y <strong>Armie Hammer<\/strong>. Una de las piezas que m\u00e1s se nos ha quedado en la mente -y que nos perdone Cavill- es una de las cazadoras que luce Hammer, en su papel de Illya Kuryakin. Se trata de una pieza en piel vuelta que puede funcionar tanto con jersey de cuello de cisne, como la luce, como con una camiseta y corbata. Este vestuario nos sirve de excusa para introducir otra de las tendencias m\u00e1s marcadas este invierno: <strong>la piel<\/strong> se presenta <strong>como candidata<\/strong> a entrar en el armario de los hombres m\u00e1s elegantes. Y lo hace de todas las maneras, ya sea en el exterior, como hace en <strong>Prada<\/strong>, como en el interior, como la presenta <strong>Tom Ford<\/strong>. Ten cuidado, eso s\u00ed, a la hora de cuidarla: el pelo marcar\u00e1 la parte impermeable, que podr\u00e1s secar solo con sacudirla un poco. En cambio, debes proteger la parte m\u00e1s curtida, que podr\u00eda estropearse con la humedad.<\/p>\n\n\n\n<div class=\"wp-block-columns is-layout-flex wp-container-core-columns-is-layout-8f761849 wp-block-columns-is-layout-flex\">\n<div class=\"wp-block-column is-layout-flow wp-block-column-is-layout-flow\">\n<figure class=\"wp-block-image size-large\"><img loading=\"lazy\" decoding=\"async\" width=\"900\" height=\"844\" src=\"https:\/\/www.rabat.net\/es\/magazine\/wp-content\/uploads\/2022\/11\/abrigo-Prada-rabat-magazine-900x844.jpg\" alt=\"Abrigo piel Prada en Rabat Magazine\" class=\"wp-image-8435\" srcset=\"https:\/\/www.rabat.net\/es\/magazine\/wp-content\/uploads\/2022\/11\/abrigo-Prada-rabat-magazine-900x844.jpg 900w, https:\/\/www.rabat.net\/es\/magazine\/wp-content\/uploads\/2022\/11\/abrigo-Prada-rabat-magazine-24x24.jpg 24w\" sizes=\"(max-width: 900px) 100vw, 900px\" \/><figcaption><strong>\u00a9<\/strong>Prada<\/figcaption><\/figure>\n<\/div>\n\n\n\n<div class=\"wp-block-column is-layout-flow wp-block-column-is-layout-flow\">\n<figure class=\"wp-block-image size-large\"><img loading=\"lazy\" decoding=\"async\" width=\"900\" height=\"844\" src=\"https:\/\/www.rabat.net\/es\/magazine\/wp-content\/uploads\/2022\/11\/abrigo-Tom-Ford-rabat-magazine-900x844.jpg\" alt=\"Abrigo piel Tom Ford en Rabat Magazine\" class=\"wp-image-8436\" srcset=\"https:\/\/www.rabat.net\/es\/magazine\/wp-content\/uploads\/2022\/11\/abrigo-Tom-Ford-rabat-magazine-900x844.jpg 900w, https:\/\/www.rabat.net\/es\/magazine\/wp-content\/uploads\/2022\/11\/abrigo-Tom-Ford-rabat-magazine-24x24.jpg 24w\" sizes=\"(max-width: 900px) 100vw, 900px\" \/><figcaption><strong>\u00a9<\/strong>Tom Ford<\/figcaption><\/figure>\n<\/div>\n<\/div>\n\n\n\n<h2 class=\"wp-block-heading\">De \u00faltima generaci\u00f3n<\/h2>\n\n\n\n<p class=\"wp-block-paragraph\">Hemos mencionado a un personaje emblem\u00e1tico, <strong>James Bond<\/strong>, as\u00ed que no pod\u00edamos dejar de dedicarle toda una secci\u00f3n para \u00e9l. Todas las pel\u00edculas de este esp\u00eda ideado por Ian Fleming son una lecci\u00f3n de elegancia, y \u2018Spectre\u2019 (2015) no lo es menos. En este caso, nos ofrece un cl\u00e1sico en los largometrajes de 007: una escena en la nieve. En ella, el actor <strong>Daniel Craig <\/strong>luce una chaqueta acolchada que no solo destila estilo, sino que tambi\u00e9n es <a href=\"https:\/\/www.rabat.net\/es\/relojes\/especiales.html?utm_source=rmd&amp;utm_medium=publicacion&amp;utm_content=watches&amp;utm_campaign=catwatches\">pura tecnolog\u00eda<\/a>.<\/p>\n\n\n\n<figure class=\"wp-block-image size-large\"><img loading=\"lazy\" decoding=\"async\" width=\"900\" height=\"620\" src=\"https:\/\/www.rabat.net\/es\/magazine\/wp-content\/uploads\/2022\/11\/abrigo-bond.jpg\" alt=\"Abrigos de \u00faltima generaci\u00f3n Spectre en Rabat Magazine\" class=\"wp-image-8437\"\/><\/figure>\n\n\n\n<div class=\"wp-block-columns is-layout-flex wp-container-core-columns-is-layout-8f761849 wp-block-columns-is-layout-flex\">\n<div class=\"wp-block-column is-layout-flow wp-block-column-is-layout-flow\">\n<figure class=\"wp-block-image size-full\"><img loading=\"lazy\" decoding=\"async\" width=\"900\" height=\"1260\" src=\"https:\/\/www.rabat.net\/es\/magazine\/wp-content\/uploads\/2022\/11\/abrigo-loro-piana-rabat-magazine.jpg\" alt=\"Abrigo t\u00e9cnico Loro PIana en Rabat Magazine\" class=\"wp-image-8438\"\/><figcaption>\u00a9 Loro Piana<\/figcaption><\/figure>\n<\/div>\n\n\n\n<div class=\"wp-block-column is-layout-flow wp-block-column-is-layout-flow\">\n<p class=\"wp-block-paragraph\">Y es que la ropa de invierno es tambi\u00e9n todo un campo de experimentaci\u00f3n para la moda. Por ejemplo, firmas como <strong>Loro Piana<\/strong> han desarrollado la <strong>tecnolog\u00eda Storm System<\/strong>, que permite aislar el tejido de cualquier humedad. Este invierno, por ejemplo, la presenta en un abrigo como este en el que se emplea en una exquisita alpaca peruana. Puro lujo que, adem\u00e1s, es pura tecnolog\u00eda.<\/p>\n<\/div>\n<\/div>\n\n\n\n<div class=\"wp-block-columns is-layout-flex wp-container-core-columns-is-layout-8f761849 wp-block-columns-is-layout-flex\">\n<div class=\"wp-block-column is-layout-flow wp-block-column-is-layout-flow\">\n<p class=\"wp-block-paragraph\">Por su parte, <strong>Herno <\/strong>es otro firma que siempre aparece cuando hablamos de tejido t\u00e9cnicos. Especializada como est\u00e1 en abrigos, entre su oferta podemos encontrar un ampl\u00edsimo abanico de opciones con las que protegernos del fr\u00edo y de la lluvia, como el dise\u00f1o acolchado que te presentamos. Atenci\u00f3n: aqu\u00ed deber\u00e1s de prestar siempre atenci\u00f3n no solo a c\u00f3mo est\u00e1 confeccionado (el termosellado ser\u00e1 imprescindible) sino tambi\u00e9n el tipo de pluma con el que se ha rellenado.<\/p>\n<\/div>\n\n\n\n<div class=\"wp-block-column is-layout-flow wp-block-column-is-layout-flow\">\n<figure class=\"wp-block-image size-full\"><img loading=\"lazy\" decoding=\"async\" width=\"900\" height=\"1146\" src=\"https:\/\/www.rabat.net\/es\/magazine\/wp-content\/uploads\/2022\/11\/abrigo-Herno-rabat-magazine.jpg\" alt=\"Abrigo t\u00e9cnico Herno en Rabat Magazine\" class=\"wp-image-8439\"\/><figcaption><strong>\u00a9<\/strong>Herno<\/figcaption><\/figure>\n\n\n\n<p class=\"wp-block-paragraph\"><\/p>\n<\/div>\n<\/div>\n\n\n\n<h2 class=\"wp-block-heading\"><strong>Hombres todoterreno<\/strong><\/h2>\n\n\n\n<p class=\"wp-block-paragraph\">\u2018<strong>Venganza bajo cero<\/strong>\u2019 (2019) es uno de los mejores trabajos que ha realizado <strong>Liam Neeson<\/strong> en los \u00faltimos tiempos, as\u00ed que bien merec\u00eda un espacio en este recorrido por la moda y el cine. En su caso, la nieve no es un impedimento para hacer el bien (como suele hacer en todos sus personajes el actor) y <strong>vivir<\/strong>, claro, <strong>una gran aventura<\/strong>.<\/p>\n\n\n\n<figure class=\"wp-block-image size-large\"><img loading=\"lazy\" decoding=\"async\" width=\"800\" height=\"452\" src=\"https:\/\/www.rabat.net\/es\/magazine\/wp-content\/uploads\/2022\/11\/abrigo-vengaza-bajo-cero.jpg\" alt=\"Abrigos aventura Venganza bajo cero en Rabat Magazine\" class=\"wp-image-8440\"\/><\/figure>\n\n\n\n<p class=\"wp-block-paragraph\">La nieve supone todo un reto a la hora de abrigarnos, por eso una de las opciones por las que nos decantamos es la colaboraci\u00f3n de <strong>Dior And Descente<\/strong> en la que no solo destaca la lona t\u00e9cnica en la que se ha confeccionado o <strong>el cuello de felpa<\/strong>, sino que tambi\u00e9n cuenta con detalles como bolsillo cremallera para el forfait. Y es que si nos vamos de aventura por las monta\u00f1as, al menos que podamos tener las cosas f\u00e1cil.<\/p>\n\n\n\n<figure class=\"wp-block-image size-large\"><img loading=\"lazy\" decoding=\"async\" width=\"900\" height=\"600\" src=\"https:\/\/www.rabat.net\/es\/magazine\/wp-content\/uploads\/2022\/11\/abrigo-dior-rabat-magazine-1.jpg\" alt=\"Abrigo deportivo Dior and Descente en Rabat Magazine\" class=\"wp-image-8445\"\/><figcaption><strong>\u00a9<\/strong>Dior and Descente<\/figcaption><\/figure>\n\n\n\n<p class=\"wp-block-paragraph\">Por \u00faltimo, el dise\u00f1o de <strong>Burberry <\/strong>nos da un <strong>aire <a href=\"https:\/\/www.rabat.net\/es\/relojes\/aventura.html?utm_source=rmd&amp;utm_medium=publicacion&amp;utm_content=watches&amp;utm_campaign=catwatches\">aventurero y deportivo<\/a><\/strong> gracias a detalles como las correas de piel que adornan el frontal de la trenca. A medio camino entre el abrigo militar y un sobretodo para la calle, no se puede negar que esta prenda resume todo lo mejor y m\u00e1s novedoso del \u2018made in England\u2019.<\/p>\n\n\n\n<figure class=\"wp-block-image size-full\"><img loading=\"lazy\" decoding=\"async\" width=\"900\" height=\"900\" src=\"https:\/\/www.rabat.net\/es\/magazine\/wp-content\/uploads\/2022\/11\/abrigo-burberry-rabat-magazine-1.jpg\" alt=\"Abrigo deportivo Burberry en Rabat Magazine\" class=\"wp-image-8446\" srcset=\"https:\/\/www.rabat.net\/es\/magazine\/wp-content\/uploads\/2022\/11\/abrigo-burberry-rabat-magazine-1.jpg 900w, https:\/\/www.rabat.net\/es\/magazine\/wp-content\/uploads\/2022\/11\/abrigo-burberry-rabat-magazine-1-24x24.jpg 24w, https:\/\/www.rabat.net\/es\/magazine\/wp-content\/uploads\/2022\/11\/abrigo-burberry-rabat-magazine-1-48x48.jpg 48w, https:\/\/www.rabat.net\/es\/magazine\/wp-content\/uploads\/2022\/11\/abrigo-burberry-rabat-magazine-1-96x96.jpg 96w, https:\/\/www.rabat.net\/es\/magazine\/wp-content\/uploads\/2022\/11\/abrigo-burberry-rabat-magazine-1-150x150.jpg 150w, https:\/\/www.rabat.net\/es\/magazine\/wp-content\/uploads\/2022\/11\/abrigo-burberry-rabat-magazine-1-300x300.jpg 300w\" sizes=\"(max-width: 900px) 100vw, 900px\" \/><figcaption><strong>\u00a9<\/strong>Burberry<\/figcaption><\/figure>\n","protected":false},"excerpt":{"rendered":"<p>Cuatro tendencias que te ayudar\u00e1n a conquistar el invierno con matr\u00edcula de honor.<\/p>\n","protected":false},"author":11,"featured_media":8564,"comment_status":"closed","ping_status":"closed","sticky":false,"template":"","format":"standard","meta":{"_acf_changed":false,"_crdt_document":"","footnotes":""},"categories":[325],"tags":[],"class_list":["post-8429","post","type-post","status-publish","format-standard","has-post-thumbnail","hentry","category-lifestyle"],"acf":[],"yoast_head":"<!-- This site is optimized with the Yoast SEO plugin v27.2 - https:\/\/yoast.com\/product\/yoast-seo-wordpress\/ -->\n<title>Los abrigos con m\u00e1s estilo - RABAT Magazine<\/title>\n<meta name=\"description\" content=\"Descubre las cuatro tendencias en abrigos para estilos aventureros, cl\u00e1sicos o sofisticados.\" \/>\n<meta name=\"robots\" content=\"index, follow, max-snippet:-1, max-image-preview:large, max-video-preview:-1\" \/>\n<link rel=\"canonical\" href=\"https:\/\/www.rabat.net\/es\/magazine\/los-abrigos-con-mas-estilo\" \/>\n<meta property=\"og:locale\" content=\"es_ES\" \/>\n<meta property=\"og:type\" content=\"article\" \/>\n<meta property=\"og:title\" content=\"Los abrigos con m\u00e1s estilo - RABAT Magazine\" \/>\n<meta property=\"og:description\" content=\"Descubre las cuatro tendencias en abrigos para estilos aventureros, cl\u00e1sicos o sofisticados.\" \/>\n<meta property=\"og:url\" content=\"https:\/\/www.rabat.net\/es\/magazine\/los-abrigos-con-mas-estilo\" \/>\n<meta property=\"og:site_name\" content=\"RABAT Magazine\" \/>\n<meta property=\"article:published_time\" content=\"2022-11-14T11:01:35+00:00\" \/>\n<meta property=\"article:modified_time\" content=\"2024-04-29T14:13:19+00:00\" \/>\n<meta property=\"og:image\" content=\"https:\/\/www.rabat.net\/es\/magazine\/wp-content\/uploads\/2022\/11\/tendencias-los-abrigos-con-mas-estilo-rabat-magazine-1.jpg\" \/>\n\t<meta property=\"og:image:width\" content=\"1024\" \/>\n\t<meta property=\"og:image:height\" content=\"1024\" \/>\n\t<meta property=\"og:image:type\" content=\"image\/jpeg\" \/>\n<meta name=\"author\" content=\"Jose Luis D\u00edez-Garde\" \/>\n<meta name=\"twitter:card\" content=\"summary_large_image\" \/>\n<meta name=\"twitter:label1\" content=\"Escrito por\" \/>\n\t<meta name=\"twitter:data1\" content=\"Jose Luis D\u00edez-Garde\" \/>\n\t<meta name=\"twitter:label2\" content=\"Tiempo de lectura\" \/>\n\t<meta name=\"twitter:data2\" content=\"8 minutos\" \/>\n<script type=\"application\/ld+json\" class=\"yoast-schema-graph\">{\"@context\":\"https:\/\/schema.org\",\"@graph\":[{\"@type\":\"Article\",\"@id\":\"https:\/\/www.rabat.net\/es\/magazine\/los-abrigos-con-mas-estilo#article\",\"isPartOf\":{\"@id\":\"https:\/\/www.rabat.net\/es\/magazine\/los-abrigos-con-mas-estilo\"},\"author\":{\"name\":\"Jose Luis D\u00edez-Garde\",\"@id\":\"https:\/\/www.rabat.net\/es\/magazine\/#\/schema\/person\/1414981dc07fcc59e0d2157bc0fb7567\"},\"headline\":\"Los abrigos con m\u00e1s estilo\",\"datePublished\":\"2022-11-14T11:01:35+00:00\",\"dateModified\":\"2024-04-29T14:13:19+00:00\",\"mainEntityOfPage\":{\"@id\":\"https:\/\/www.rabat.net\/es\/magazine\/los-abrigos-con-mas-estilo\"},\"wordCount\":1288,\"publisher\":{\"@id\":\"https:\/\/www.rabat.net\/es\/magazine\/#organization\"},\"image\":{\"@id\":\"https:\/\/www.rabat.net\/es\/magazine\/los-abrigos-con-mas-estilo#primaryimage\"},\"thumbnailUrl\":\"https:\/\/www.rabat.net\/es\/magazine\/wp-content\/uploads\/2022\/11\/tendencias-los-abrigos-con-mas-estilo-rabat-magazine-1.jpg\",\"articleSection\":[\"Lifestyle\"],\"inLanguage\":\"es\"},{\"@type\":\"WebPage\",\"@id\":\"https:\/\/www.rabat.net\/es\/magazine\/los-abrigos-con-mas-estilo\",\"url\":\"https:\/\/www.rabat.net\/es\/magazine\/los-abrigos-con-mas-estilo\",\"name\":\"Los abrigos con m\u00e1s estilo - RABAT Magazine\",\"isPartOf\":{\"@id\":\"https:\/\/www.rabat.net\/es\/magazine\/#website\"},\"primaryImageOfPage\":{\"@id\":\"https:\/\/www.rabat.net\/es\/magazine\/los-abrigos-con-mas-estilo#primaryimage\"},\"image\":{\"@id\":\"https:\/\/www.rabat.net\/es\/magazine\/los-abrigos-con-mas-estilo#primaryimage\"},\"thumbnailUrl\":\"https:\/\/www.rabat.net\/es\/magazine\/wp-content\/uploads\/2022\/11\/tendencias-los-abrigos-con-mas-estilo-rabat-magazine-1.jpg\",\"datePublished\":\"2022-11-14T11:01:35+00:00\",\"dateModified\":\"2024-04-29T14:13:19+00:00\",\"description\":\"Descubre las cuatro tendencias en abrigos para estilos aventureros, cl\u00e1sicos o sofisticados.\",\"breadcrumb\":{\"@id\":\"https:\/\/www.rabat.net\/es\/magazine\/los-abrigos-con-mas-estilo#breadcrumb\"},\"inLanguage\":\"es\",\"potentialAction\":[{\"@type\":\"ReadAction\",\"target\":[\"https:\/\/www.rabat.net\/es\/magazine\/los-abrigos-con-mas-estilo\"]}]},{\"@type\":\"ImageObject\",\"inLanguage\":\"es\",\"@id\":\"https:\/\/www.rabat.net\/es\/magazine\/los-abrigos-con-mas-estilo#primaryimage\",\"url\":\"https:\/\/www.rabat.net\/es\/magazine\/wp-content\/uploads\/2022\/11\/tendencias-los-abrigos-con-mas-estilo-rabat-magazine-1.jpg\",\"contentUrl\":\"https:\/\/www.rabat.net\/es\/magazine\/wp-content\/uploads\/2022\/11\/tendencias-los-abrigos-con-mas-estilo-rabat-magazine-1.jpg\",\"width\":1024,\"height\":1024},{\"@type\":\"BreadcrumbList\",\"@id\":\"https:\/\/www.rabat.net\/es\/magazine\/los-abrigos-con-mas-estilo#breadcrumb\",\"itemListElement\":[{\"@type\":\"ListItem\",\"position\":1,\"name\":\"Home\",\"item\":\"https:\/\/www.rabat.net\/es\/magazine\/\"},{\"@type\":\"ListItem\",\"position\":2,\"name\":\"Los abrigos con m\u00e1s estilo\"}]},{\"@type\":\"WebSite\",\"@id\":\"https:\/\/www.rabat.net\/es\/magazine\/#website\",\"url\":\"https:\/\/www.rabat.net\/es\/magazine\/\",\"name\":\"RABAT Magazine\",\"description\":\"Revista Digital de Joyer\u00eda y Relojer\u00eda\",\"publisher\":{\"@id\":\"https:\/\/www.rabat.net\/es\/magazine\/#organization\"},\"potentialAction\":[{\"@type\":\"SearchAction\",\"target\":{\"@type\":\"EntryPoint\",\"urlTemplate\":\"https:\/\/www.rabat.net\/es\/magazine\/?s={search_term_string}\"},\"query-input\":{\"@type\":\"PropertyValueSpecification\",\"valueRequired\":true,\"valueName\":\"search_term_string\"}}],\"inLanguage\":\"es\"},{\"@type\":\"Organization\",\"@id\":\"https:\/\/www.rabat.net\/es\/magazine\/#organization\",\"name\":\"RABAT Magazine\",\"url\":\"https:\/\/www.rabat.net\/es\/magazine\/\",\"logo\":{\"@type\":\"ImageObject\",\"inLanguage\":\"es\",\"@id\":\"https:\/\/www.rabat.net\/es\/magazine\/#\/schema\/logo\/image\/\",\"url\":\"https:\/\/www.rabat.net\/es\/magazine\/wp-content\/uploads\/2019\/04\/rabat-logotipo-stories.png\",\"contentUrl\":\"https:\/\/www.rabat.net\/es\/magazine\/wp-content\/uploads\/2019\/04\/rabat-logotipo-stories.png\",\"width\":250,\"height\":38,\"caption\":\"RABAT Magazine\"},\"image\":{\"@id\":\"https:\/\/www.rabat.net\/es\/magazine\/#\/schema\/logo\/image\/\"}},{\"@type\":\"Person\",\"@id\":\"https:\/\/www.rabat.net\/es\/magazine\/#\/schema\/person\/1414981dc07fcc59e0d2157bc0fb7567\",\"name\":\"Jose Luis D\u00edez-Garde\",\"sameAs\":[\"https:\/\/www.instagram.com\/esmoquinroom\/\"],\"url\":\"https:\/\/www.rabat.net\/es\/magazine\/author\/jose-luis-diez\"}]}<\/script>\n<!-- \/ Yoast SEO plugin. -->","yoast_head_json":{"title":"Los abrigos con m\u00e1s estilo - RABAT Magazine","description":"Descubre las cuatro tendencias en abrigos para estilos aventureros, cl\u00e1sicos o sofisticados.","robots":{"index":"index","follow":"follow","max-snippet":"max-snippet:-1","max-image-preview":"max-image-preview:large","max-video-preview":"max-video-preview:-1"},"canonical":"https:\/\/www.rabat.net\/es\/magazine\/los-abrigos-con-mas-estilo","og_locale":"es_ES","og_type":"article","og_title":"Los abrigos con m\u00e1s estilo - RABAT Magazine","og_description":"Descubre las cuatro tendencias en abrigos para estilos aventureros, cl\u00e1sicos o sofisticados.","og_url":"https:\/\/www.rabat.net\/es\/magazine\/los-abrigos-con-mas-estilo","og_site_name":"RABAT Magazine","article_published_time":"2022-11-14T11:01:35+00:00","article_modified_time":"2024-04-29T14:13:19+00:00","og_image":[{"width":1024,"height":1024,"url":"https:\/\/www.rabat.net\/es\/magazine\/wp-content\/uploads\/2022\/11\/tendencias-los-abrigos-con-mas-estilo-rabat-magazine-1.jpg","type":"image\/jpeg"}],"author":"Jose Luis D\u00edez-Garde","twitter_card":"summary_large_image","twitter_misc":{"Escrito por":"Jose Luis D\u00edez-Garde","Tiempo de lectura":"8 minutos"},"schema":{"@context":"https:\/\/schema.org","@graph":[{"@type":"Article","@id":"https:\/\/www.rabat.net\/es\/magazine\/los-abrigos-con-mas-estilo#article","isPartOf":{"@id":"https:\/\/www.rabat.net\/es\/magazine\/los-abrigos-con-mas-estilo"},"author":{"name":"Jose Luis D\u00edez-Garde","@id":"https:\/\/www.rabat.net\/es\/magazine\/#\/schema\/person\/1414981dc07fcc59e0d2157bc0fb7567"},"headline":"Los abrigos con m\u00e1s estilo","datePublished":"2022-11-14T11:01:35+00:00","dateModified":"2024-04-29T14:13:19+00:00","mainEntityOfPage":{"@id":"https:\/\/www.rabat.net\/es\/magazine\/los-abrigos-con-mas-estilo"},"wordCount":1288,"publisher":{"@id":"https:\/\/www.rabat.net\/es\/magazine\/#organization"},"image":{"@id":"https:\/\/www.rabat.net\/es\/magazine\/los-abrigos-con-mas-estilo#primaryimage"},"thumbnailUrl":"https:\/\/www.rabat.net\/es\/magazine\/wp-content\/uploads\/2022\/11\/tendencias-los-abrigos-con-mas-estilo-rabat-magazine-1.jpg","articleSection":["Lifestyle"],"inLanguage":"es"},{"@type":"WebPage","@id":"https:\/\/www.rabat.net\/es\/magazine\/los-abrigos-con-mas-estilo","url":"https:\/\/www.rabat.net\/es\/magazine\/los-abrigos-con-mas-estilo","name":"Los abrigos con m\u00e1s estilo - RABAT Magazine","isPartOf":{"@id":"https:\/\/www.rabat.net\/es\/magazine\/#website"},"primaryImageOfPage":{"@id":"https:\/\/www.rabat.net\/es\/magazine\/los-abrigos-con-mas-estilo#primaryimage"},"image":{"@id":"https:\/\/www.rabat.net\/es\/magazine\/los-abrigos-con-mas-estilo#primaryimage"},"thumbnailUrl":"https:\/\/www.rabat.net\/es\/magazine\/wp-content\/uploads\/2022\/11\/tendencias-los-abrigos-con-mas-estilo-rabat-magazine-1.jpg","datePublished":"2022-11-14T11:01:35+00:00","dateModified":"2024-04-29T14:13:19+00:00","description":"Descubre las cuatro tendencias en abrigos para estilos aventureros, cl\u00e1sicos o sofisticados.","breadcrumb":{"@id":"https:\/\/www.rabat.net\/es\/magazine\/los-abrigos-con-mas-estilo#breadcrumb"},"inLanguage":"es","potentialAction":[{"@type":"ReadAction","target":["https:\/\/www.rabat.net\/es\/magazine\/los-abrigos-con-mas-estilo"]}]},{"@type":"ImageObject","inLanguage":"es","@id":"https:\/\/www.rabat.net\/es\/magazine\/los-abrigos-con-mas-estilo#primaryimage","url":"https:\/\/www.rabat.net\/es\/magazine\/wp-content\/uploads\/2022\/11\/tendencias-los-abrigos-con-mas-estilo-rabat-magazine-1.jpg","contentUrl":"https:\/\/www.rabat.net\/es\/magazine\/wp-content\/uploads\/2022\/11\/tendencias-los-abrigos-con-mas-estilo-rabat-magazine-1.jpg","width":1024,"height":1024},{"@type":"BreadcrumbList","@id":"https:\/\/www.rabat.net\/es\/magazine\/los-abrigos-con-mas-estilo#breadcrumb","itemListElement":[{"@type":"ListItem","position":1,"name":"Home","item":"https:\/\/www.rabat.net\/es\/magazine\/"},{"@type":"ListItem","position":2,"name":"Los abrigos con m\u00e1s estilo"}]},{"@type":"WebSite","@id":"https:\/\/www.rabat.net\/es\/magazine\/#website","url":"https:\/\/www.rabat.net\/es\/magazine\/","name":"RABAT Magazine","description":"Revista Digital de Joyer\u00eda y Relojer\u00eda","publisher":{"@id":"https:\/\/www.rabat.net\/es\/magazine\/#organization"},"potentialAction":[{"@type":"SearchAction","target":{"@type":"EntryPoint","urlTemplate":"https:\/\/www.rabat.net\/es\/magazine\/?s={search_term_string}"},"query-input":{"@type":"PropertyValueSpecification","valueRequired":true,"valueName":"search_term_string"}}],"inLanguage":"es"},{"@type":"Organization","@id":"https:\/\/www.rabat.net\/es\/magazine\/#organization","name":"RABAT Magazine","url":"https:\/\/www.rabat.net\/es\/magazine\/","logo":{"@type":"ImageObject","inLanguage":"es","@id":"https:\/\/www.rabat.net\/es\/magazine\/#\/schema\/logo\/image\/","url":"https:\/\/www.rabat.net\/es\/magazine\/wp-content\/uploads\/2019\/04\/rabat-logotipo-stories.png","contentUrl":"https:\/\/www.rabat.net\/es\/magazine\/wp-content\/uploads\/2019\/04\/rabat-logotipo-stories.png","width":250,"height":38,"caption":"RABAT Magazine"},"image":{"@id":"https:\/\/www.rabat.net\/es\/magazine\/#\/schema\/logo\/image\/"}},{"@type":"Person","@id":"https:\/\/www.rabat.net\/es\/magazine\/#\/schema\/person\/1414981dc07fcc59e0d2157bc0fb7567","name":"Jose Luis D\u00edez-Garde","sameAs":["https:\/\/www.instagram.com\/esmoquinroom\/"],"url":"https:\/\/www.rabat.net\/es\/magazine\/author\/jose-luis-diez"}]}},"_links":{"self":[{"href":"https:\/\/www.rabat.net\/es\/magazine\/wp-json\/wp\/v2\/posts\/8429","targetHints":{"allow":["GET"]}}],"collection":[{"href":"https:\/\/www.rabat.net\/es\/magazine\/wp-json\/wp\/v2\/posts"}],"about":[{"href":"https:\/\/www.rabat.net\/es\/magazine\/wp-json\/wp\/v2\/types\/post"}],"author":[{"embeddable":true,"href":"https:\/\/www.rabat.net\/es\/magazine\/wp-json\/wp\/v2\/users\/11"}],"replies":[{"embeddable":true,"href":"https:\/\/www.rabat.net\/es\/magazine\/wp-json\/wp\/v2\/comments?post=8429"}],"version-history":[{"count":5,"href":"https:\/\/www.rabat.net\/es\/magazine\/wp-json\/wp\/v2\/posts\/8429\/revisions"}],"predecessor-version":[{"id":8457,"href":"https:\/\/www.rabat.net\/es\/magazine\/wp-json\/wp\/v2\/posts\/8429\/revisions\/8457"}],"wp:featuredmedia":[{"embeddable":true,"href":"https:\/\/www.rabat.net\/es\/magazine\/wp-json\/wp\/v2\/media\/8564"}],"wp:attachment":[{"href":"https:\/\/www.rabat.net\/es\/magazine\/wp-json\/wp\/v2\/media?parent=8429"}],"wp:term":[{"taxonomy":"category","embeddable":true,"href":"https:\/\/www.rabat.net\/es\/magazine\/wp-json\/wp\/v2\/categories?post=8429"},{"taxonomy":"post_tag","embeddable":true,"href":"https:\/\/www.rabat.net\/es\/magazine\/wp-json\/wp\/v2\/tags?post=8429"}],"curies":[{"name":"wp","href":"https:\/\/api.w.org\/{rel}","templated":true}]}}