{"id":9060,"date":"2023-02-03T08:32:13","date_gmt":"2023-02-03T08:32:13","guid":{"rendered":"https:\/\/www.rabat.net\/es\/magazine?p=9060"},"modified":"2023-06-29T15:24:34","modified_gmt":"2023-06-29T15:24:34","slug":"5-planes-para-vivir-un-san-valentin-inolvidable","status":"publish","type":"post","link":"https:\/\/www.rabat.net\/es\/magazine\/5-planes-para-vivir-un-san-valentin-inolvidable","title":{"rendered":"5 planes para vivir un San Valent\u00edn inolvidable"},"content":{"rendered":"\n<p class=\"wp-block-paragraph\">Cuenta la leyenda que San Valent\u00edn, un sacerdote cristiano del siglo III, oficiaba bodas en secreto despu\u00e9s de que el emperador Claudio II prohibiera el matrimonio. Precisamente <strong>esta forma de uni\u00f3n clandestina<\/strong> se convirti\u00f3 en un acto tan rom\u00e1ntico y valiente que hoy seguimos rindi\u00e9ndole homenaje. Y aunque la celebraci\u00f3n del amor debe extenderse a todos los d\u00edas del a\u00f1o, <strong>el 14 de febrero es el momento perfecto para regalar una joya inolvidable<\/strong> y hacer una escapada con un \u00fanico destino: el tiempo de calidad en pareja.<\/p>\n\n\n\n<p class=\"wp-block-paragraph\">Para enamorarse (o reenamorarse), desconectar de la rutina que nos distancia y, por qu\u00e9 no, disfrutar de una primera o segunda luna de miel, te proponemos <strong>cinco planes para celebrar San Valent\u00edn como os merec\u00e9is<\/strong>.<\/p>\n\n\n\n<h2 class=\"wp-block-heading\">1. <strong>Donde el tiempo se detiene<\/strong><\/h2>\n\n\n\n<p class=\"wp-block-paragraph\">En las antiguas Roma y Grecia, los <strong>spas <\/strong>(t\u00e9rmino que proviene del lat\u00edn, \u2018salus per aquam\u2019) nacieron como <em>centros de bienestar y salud<\/em> a trav\u00e9s del poder curativo de las aguas termales: el primer m\u00e9dico de la historia, Hip\u00f3crates, los recomendaba. Pero su funci\u00f3n iba mucho m\u00e1s all\u00e1 que la de recibir un tratamiento, estos centros funcionaban tambi\u00e9n como un <strong>plan para disfrutar en compa\u00f1\u00eda<\/strong>. Porque una sesi\u00f3n de spa siempre apetece, pero si es en pareja a\u00fan m\u00e1s. <\/p>\n\n\n\n<figure class=\"wp-block-image size-full\"><img fetchpriority=\"high\" decoding=\"async\" width=\"900\" height=\"600\" src=\"https:\/\/www.rabat.net\/es\/magazine\/wp-content\/uploads\/2023\/02\/spa-aire-de-barcelona-planes-de-san-valentin-rabat-magazine.jpg\" alt=\"Spa Aire Ancient Baths en Barcelona con planes especiales en pareja en San Valent\u00edn en Rabat Magazine\" class=\"wp-image-9062\"\/><figcaption><em>\u00a9Aire Ancient Baths<\/em><\/figcaption><\/figure>\n\n\n\n<p class=\"wp-block-paragraph\">No vale cualquiera. Para celebrar una fecha tan destacada tenemos que encontrar un lugar tan exclusivo que recupere la esencia de las aut\u00e9nticas termas. <strong><a href=\"https:\/\/beaire.com\/landing\/valentines-day\/?ce=barcelona&amp;ln=es\">Aire Ancient Baths<\/a><\/strong>, en <strong>Barcelona<\/strong>, es un templo de relajaci\u00f3n, construido en un antiguo almac\u00e9n de finales del siglo XVIII, junto al mercado de El Born. Aqu\u00ed el tiempo no solo se detiene sino que retrocede hasta las antiguas civilizaciones romana, griega y otomana, <strong>para vivir una experiencia en las que el cuerpo y la mente entran en un estado de total desconexi\u00f3n<\/strong>.<\/p>\n\n\n\n<div class=\"wp-block-columns is-layout-flex wp-container-core-columns-is-layout-8f761849 wp-block-columns-is-layout-flex\">\n<div class=\"wp-block-column is-layout-flow wp-block-column-is-layout-flow\">\n<figure class=\"wp-block-image size-full\"><img decoding=\"async\" width=\"700\" height=\"700\" src=\"https:\/\/www.rabat.net\/es\/magazine\/wp-content\/uploads\/2023\/01\/p008316198.jpg\" alt=\"Pulsera riviere RABAT de oro blanco y diamantes\" class=\"wp-image-8970\" srcset=\"https:\/\/www.rabat.net\/es\/magazine\/wp-content\/uploads\/2023\/01\/p008316198.jpg 700w, https:\/\/www.rabat.net\/es\/magazine\/wp-content\/uploads\/2023\/01\/p008316198-24x24.jpg 24w, https:\/\/www.rabat.net\/es\/magazine\/wp-content\/uploads\/2023\/01\/p008316198-48x48.jpg 48w, https:\/\/www.rabat.net\/es\/magazine\/wp-content\/uploads\/2023\/01\/p008316198-96x96.jpg 96w, https:\/\/www.rabat.net\/es\/magazine\/wp-content\/uploads\/2023\/01\/p008316198-150x150.jpg 150w, https:\/\/www.rabat.net\/es\/magazine\/wp-content\/uploads\/2023\/01\/p008316198-300x300.jpg 300w\" sizes=\"(max-width: 700px) 100vw, 700px\" \/><figcaption>Pulsera RABAT riviere de oro blanco y diamantes<\/figcaption><\/figure>\n<\/div>\n\n\n\n<div class=\"wp-block-column is-layout-flow wp-block-column-is-layout-flow\">\n<figure class=\"wp-block-image size-full\"><a href=\"https:\/\/www.rabat.net\/es\/brazalete-three-wishes-oro-rosa-pave-diamantes-negro.html?utm_source=rmd&amp;utm_medium=publicacion&amp;utm_content=jewel&amp;utm_campaign=love\"><img decoding=\"async\" width=\"300\" height=\"300\" src=\"https:\/\/www.rabat.net\/es\/magazine\/wp-content\/uploads\/2022\/12\/p012201479-3x_02.jpg\" alt=\"Pulsera RABAT Three Wishes de oro rosa con pav\u00e9 de diamantes negros\" class=\"wp-image-8719\" srcset=\"https:\/\/www.rabat.net\/es\/magazine\/wp-content\/uploads\/2022\/12\/p012201479-3x_02.jpg 300w, https:\/\/www.rabat.net\/es\/magazine\/wp-content\/uploads\/2022\/12\/p012201479-3x_02-24x24.jpg 24w, https:\/\/www.rabat.net\/es\/magazine\/wp-content\/uploads\/2022\/12\/p012201479-3x_02-48x48.jpg 48w, https:\/\/www.rabat.net\/es\/magazine\/wp-content\/uploads\/2022\/12\/p012201479-3x_02-96x96.jpg 96w, https:\/\/www.rabat.net\/es\/magazine\/wp-content\/uploads\/2022\/12\/p012201479-3x_02-150x150.jpg 150w\" sizes=\"(max-width: 300px) 100vw, 300px\" \/><\/a><figcaption><a href=\"https:\/\/www.rabat.net\/es\/brazalete-three-wishes-oro-rosa-pave-diamantes-negro.html?utm_source=rmd&amp;utm_medium=publicacion&amp;utm_content=jewel&amp;utm_campaign=love\">Pulsera RABAT Three Wishes<\/a> de oro rosa con pav\u00e9 de diamantes negros<br><\/figcaption><\/figure>\n<\/div>\n<\/div>\n\n\n\n<h2 class=\"wp-block-heading\">2. <strong>Perdidos en el bosque<\/strong><\/h2>\n\n\n\n<p class=\"wp-block-paragraph\">No existe una forma m\u00e1s sana para <strong>conectar con nuestra pareja<\/strong> que hacerlo <strong>en plena naturaleza<\/strong>, donde no existen (o no deber\u00edan existir) ni el tel\u00e9fono m\u00f3vil ni el estr\u00e9s que inevitablemente nos aleja.<\/p>\n\n\n\n<figure class=\"wp-block-image size-large\"><img loading=\"lazy\" decoding=\"async\" width=\"900\" height=\"643\" src=\"https:\/\/www.rabat.net\/es\/magazine\/wp-content\/uploads\/2023\/02\/hotel-oller-de-mas-manresa-plane-san-valentin-rabat-magazine.jpg\" alt=\"Caba\u00f1as de pino de Oller del Mas en Manresa en Rabat Magazine\" class=\"wp-image-9064\"\/><figcaption>Caba\u00f1as de pino de Oller del Mas en Manresa<\/figcaption><\/figure>\n\n\n\n<p class=\"wp-block-paragraph\">Todo es calma en cada una de las 22 <strong>caba\u00f1as de pino de <a href=\"https:\/\/ollerdelmas.com\/es\/cabanas-de-oller-del-mas\/\">Oller del Mas<\/a><\/strong>, cerca de <strong>Manresa<\/strong>, formadas por grandes cristaleras para no perder ni un momento de vista el bosque de encinas. En su interior, la madera y la armon\u00eda de las l\u00edneas naturales tambi\u00e9n te mantienen en sinton\u00eda con un paisaje en el que encontrar\u00e1s rutas a caballo o de senderismo. Y <strong>\u00c0nima<\/strong>, su centro de bienestar, ofrece una carta de <strong>m\u00e1s de 40 tratamientos y terapias<\/strong>, algunas de ellas de medicina tradicional china.<\/p>\n\n\n\n<p class=\"wp-block-paragraph\">Pero mucho antes de convertirse en un exclusivo alojamiento sostenible, <strong>Oller del Mas era una bodega<\/strong>. Y a\u00fan lo es. Sus 60 hect\u00e1reas de vi\u00f1as dan lugar a vinos aut\u00f3ctonos y ecol\u00f3gicos que maridan a la perfecci\u00f3n con la oferta gastron\u00f3mica de su <strong>restaurante Bages 964<\/strong>, liderado por el chef <strong>\u00c1lex Portales<\/strong>.<\/p>\n\n\n\n<div class=\"wp-block-columns is-layout-flex wp-container-core-columns-is-layout-8f761849 wp-block-columns-is-layout-flex\">\n<div class=\"wp-block-column is-layout-flow wp-block-column-is-layout-flow\">\n<figure class=\"wp-block-image size-full\"><img loading=\"lazy\" decoding=\"async\" width=\"1500\" height=\"1500\" src=\"https:\/\/www.rabat.net\/es\/magazine\/wp-content\/uploads\/2023\/02\/P077800761.jpeg\" alt=\"Pendientes RABAT de oro con diamantes en forma de hoja\" class=\"wp-image-9077\" srcset=\"https:\/\/www.rabat.net\/es\/magazine\/wp-content\/uploads\/2023\/02\/P077800761.jpeg 1500w, https:\/\/www.rabat.net\/es\/magazine\/wp-content\/uploads\/2023\/02\/P077800761-24x24.jpeg 24w, https:\/\/www.rabat.net\/es\/magazine\/wp-content\/uploads\/2023\/02\/P077800761-48x48.jpeg 48w, https:\/\/www.rabat.net\/es\/magazine\/wp-content\/uploads\/2023\/02\/P077800761-96x96.jpeg 96w, https:\/\/www.rabat.net\/es\/magazine\/wp-content\/uploads\/2023\/02\/P077800761-150x150.jpeg 150w, https:\/\/www.rabat.net\/es\/magazine\/wp-content\/uploads\/2023\/02\/P077800761-300x300.jpeg 300w\" sizes=\"(max-width: 1500px) 100vw, 1500px\" \/><figcaption>Pendientes RABAT de oro con diamantes en forma de hoja<\/figcaption><\/figure>\n<\/div>\n\n\n\n<div class=\"wp-block-column is-layout-flow wp-block-column-is-layout-flow\">\n<figure class=\"wp-block-image size-full\"><a href=\"https:\/\/www.rabat.net\/es\/longines-hydroconquest-l37813069.html?utm_source=rmd&amp;utm_medium=publicacion&amp;utm_term=&amp;utm_content=watches&amp;utm_campaign=love\"><img loading=\"lazy\" decoding=\"async\" width=\"700\" height=\"700\" src=\"https:\/\/www.rabat.net\/es\/magazine\/wp-content\/uploads\/2023\/02\/L37813069.jpeg\" alt=\"Reloj Longines Hydroconquest autom\u00e1tico 41mm\" class=\"wp-image-9078\" srcset=\"https:\/\/www.rabat.net\/es\/magazine\/wp-content\/uploads\/2023\/02\/L37813069.jpeg 700w, https:\/\/www.rabat.net\/es\/magazine\/wp-content\/uploads\/2023\/02\/L37813069-24x24.jpeg 24w, https:\/\/www.rabat.net\/es\/magazine\/wp-content\/uploads\/2023\/02\/L37813069-48x48.jpeg 48w, https:\/\/www.rabat.net\/es\/magazine\/wp-content\/uploads\/2023\/02\/L37813069-96x96.jpeg 96w, https:\/\/www.rabat.net\/es\/magazine\/wp-content\/uploads\/2023\/02\/L37813069-150x150.jpeg 150w, https:\/\/www.rabat.net\/es\/magazine\/wp-content\/uploads\/2023\/02\/L37813069-300x300.jpeg 300w\" sizes=\"(max-width: 700px) 100vw, 700px\" \/><\/a><figcaption><a href=\"https:\/\/www.rabat.net\/es\/longines-hydroconquest-l37813069.html?utm_source=rmd&amp;utm_medium=publicacion&amp;utm_term=&amp;utm_content=watches&amp;utm_campaign=love\">Reloj Longines Hydroconquest<\/a> autom\u00e1tico 41mm<\/figcaption><\/figure>\n<\/div>\n<\/div>\n\n\n\n<h2 class=\"wp-block-heading\">3. <strong>Un escenario de pel\u00edcula<\/strong><\/h2>\n\n\n\n<figure class=\"wp-block-image size-full\"><img loading=\"lazy\" decoding=\"async\" width=\"900\" height=\"675\" src=\"https:\/\/www.rabat.net\/es\/magazine\/wp-content\/uploads\/2023\/02\/hotel-terra-dominicata-tarragona-planes-san-valentin-rabat-magazine.jpg\" alt=\"Hotel Terra Dominicata en la Sierra de Montsant en Tarragona en Rabat Magazine\" class=\"wp-image-9065\"\/><figcaption>Hotel Terra Dominicata en la Sierra de Montsant en Tarragona<\/figcaption><\/figure>\n\n\n\n<p class=\"wp-block-paragraph\">\u00bfSue\u00f1as con una celebraci\u00f3n al <strong>estilo de la Toscana<\/strong>? La encontrar\u00e1s en <strong>Terra Dominicata<\/strong>, un hotel rodeado de vi\u00f1edos en pleno parque natural de la Sierra de Montsant, en <strong>Tarragona<\/strong>. A su id\u00edlico paisaje se une una carta de <strong>experiencias inolvidables:<\/strong> desde catas de vinos y rutas a caballo, con picnic incluido, hasta una sesi\u00f3n de spa para dos en una caba\u00f1a de madera ubicada entre olivos. Y entre tantos planes restauradores, el mejor de todos: <strong>desconectar en el silencio absoluto<\/strong>. Quiz\u00e1s para alargar las ma\u00f1anas bajo las s\u00e1banas o para disfrutar de un buen libro (todas las habitaciones cuentan con biblioteca). <\/p>\n\n\n\n<p class=\"wp-block-paragraph\">Para celebrar el amor, una experiencia gastron\u00f3mica ineludible en su <strong>restaurante Mater Terrae<\/strong>, a cargo del chef <strong>Fran L\u00f3pez<\/strong>. Su carta est\u00e1 compuesta por sabores locales, como pescados del Delta del Ebro, y, por supuesto, una selecci\u00f3n de vinos de la zona.<\/p>\n\n\n\n<div class=\"wp-block-columns is-layout-flex wp-container-core-columns-is-layout-8f761849 wp-block-columns-is-layout-flex\">\n<div class=\"wp-block-column is-layout-flow wp-block-column-is-layout-flow\">\n<figure class=\"wp-block-image size-large\"><img loading=\"lazy\" decoding=\"async\" width=\"600\" height=\"600\" src=\"https:\/\/www.rabat.net\/es\/magazine\/wp-content\/uploads\/2023\/01\/P524800088-13-1.jpg\" alt=\"Anillo RABAT Amor Infinito de compromiso de oro blanco con diamante central\" class=\"wp-image-8969\" srcset=\"https:\/\/www.rabat.net\/es\/magazine\/wp-content\/uploads\/2023\/01\/P524800088-13-1.jpg 600w, https:\/\/www.rabat.net\/es\/magazine\/wp-content\/uploads\/2023\/01\/P524800088-13-1-24x24.jpg 24w, https:\/\/www.rabat.net\/es\/magazine\/wp-content\/uploads\/2023\/01\/P524800088-13-1-48x48.jpg 48w, https:\/\/www.rabat.net\/es\/magazine\/wp-content\/uploads\/2023\/01\/P524800088-13-1-96x96.jpg 96w, https:\/\/www.rabat.net\/es\/magazine\/wp-content\/uploads\/2023\/01\/P524800088-13-1-150x150.jpg 150w, https:\/\/www.rabat.net\/es\/magazine\/wp-content\/uploads\/2023\/01\/P524800088-13-1-300x300.jpg 300w\" sizes=\"(max-width: 600px) 100vw, 600px\" \/><figcaption>Anillo RABAT Amor Infinito de compromiso de oro blanco con diamante central<\/figcaption><\/figure>\n<\/div>\n\n\n\n<div class=\"wp-block-column is-layout-flow wp-block-column-is-layout-flow\">\n<figure class=\"wp-block-image size-large\"><a href=\"https:\/\/www.rabat.net\/es\/tag-heuer-carrera-calibre-5-day-date-wbn2011fc6484.html?utm_source=rmd&amp;utm_medium=publicacion&amp;utm_term=&amp;utm_content=watches&amp;utm_campaign=love\"><img loading=\"lazy\" decoding=\"async\" width=\"700\" height=\"700\" src=\"https:\/\/www.rabat.net\/es\/magazine\/wp-content\/uploads\/2023\/02\/tag-heuer-wbn2011-fc6484.jpg\" alt=\"Reloj TAG HEUER Carrera Calibre 5 Day-Date\" class=\"wp-image-9079\" srcset=\"https:\/\/www.rabat.net\/es\/magazine\/wp-content\/uploads\/2023\/02\/tag-heuer-wbn2011-fc6484.jpg 700w, https:\/\/www.rabat.net\/es\/magazine\/wp-content\/uploads\/2023\/02\/tag-heuer-wbn2011-fc6484-24x24.jpg 24w, https:\/\/www.rabat.net\/es\/magazine\/wp-content\/uploads\/2023\/02\/tag-heuer-wbn2011-fc6484-48x48.jpg 48w, https:\/\/www.rabat.net\/es\/magazine\/wp-content\/uploads\/2023\/02\/tag-heuer-wbn2011-fc6484-96x96.jpg 96w, https:\/\/www.rabat.net\/es\/magazine\/wp-content\/uploads\/2023\/02\/tag-heuer-wbn2011-fc6484-150x150.jpg 150w, https:\/\/www.rabat.net\/es\/magazine\/wp-content\/uploads\/2023\/02\/tag-heuer-wbn2011-fc6484-300x300.jpg 300w\" sizes=\"(max-width: 700px) 100vw, 700px\" \/><\/a><figcaption><a href=\"https:\/\/www.rabat.net\/es\/tag-heuer-carrera-calibre-5-day-date-wbn2011fc6484.html?utm_source=rmd&amp;utm_medium=publicacion&amp;utm_term=&amp;utm_content=watches&amp;utm_campaign=love\">Reloj TAG HEUER<\/a> Carrera Calibre 5 Day-Date<\/figcaption><\/figure>\n<\/div>\n<\/div>\n\n\n\n<h2 class=\"wp-block-heading\">4. <strong>La magia de la isla<\/strong><\/h2>\n\n\n\n<p class=\"wp-block-paragraph\">Situado en el centro hist\u00f3rico de <strong>Ibiza<\/strong>, el <strong>hotel Montesol Experimental<\/strong> es uno de esos lugares \u00fanicos en los que nada puede salir mal. Este edificio colonial, declarado de Inter\u00e9s Cultural por la UNESCO, abri\u00f3 sus puertas en 1933 para albergar el <strong>primer hotel de la isla<\/strong>, entonces un <strong>refugio de artistas y galeristas<\/strong>, y el preferido de grandes nombres de la escuela Bauhaus. A lo largo de su historia han pasado por su lobby personalidades como Orson Wells o Carolina de M\u00f3naco.<\/p>\n\n\n\n<figure class=\"wp-block-image size-full\"><img loading=\"lazy\" decoding=\"async\" width=\"900\" height=\"600\" src=\"https:\/\/www.rabat.net\/es\/magazine\/wp-content\/uploads\/2023\/02\/hotel-montesol-experimental-ibiza-planes-san-valentin-rabat-magazine.jpg\" alt=\"Restaurante Sabbaba dentro del hotel Montesol Experimental en Ibiza en Rabat Magazine\" class=\"wp-image-9066\"\/><figcaption>Restaurante Sabbaba dentro del hotel Montesol Experimental en Ibiza<\/figcaption><\/figure>\n\n\n\n<p class=\"wp-block-paragraph\">En este edificio hist\u00f3rico encontrar\u00e1s el plan de San Valent\u00edn con m\u00e1s encanto: una cena para dos en el <strong>restaurante Sabbaba<\/strong>, hermano de Balagan, un referente gastron\u00f3mico en Par\u00eds. Su cocina <strong>fusiona los sabores espa\u00f1oles con los israel\u00edes<\/strong> para ofrecer una experiencia cien por cien mediterr\u00e1nea; y su nombre (en hebrero \u2018sin preocupaciones\u2019) y su decoraci\u00f3n invitan a adoptar ese concepto tan deseado del <em>slow life.<\/em><\/p>\n\n\n\n<p class=\"wp-block-paragraph\">Si decides celebrar San Valent\u00edn en Sabbaba no lleves regalo. En el mismo edificio encontrar\u00e1s la <strong><a href=\"https:\/\/www.rabat.net\/es\/joyerias\/ibiza.html?utm_source=rmd&amp;utm_medium=publicacion&amp;utm_term=&amp;utm_content=&amp;utm_campaign=love\">boutique que tiene RABAT en Ibiza<\/a><\/strong>, con una irresistible <strong>selecci\u00f3n de joyas y relojes<\/strong> para que elegir una pieza inolvidable forme parte de la experiencia.<\/p>\n\n\n\n<div class=\"wp-block-columns is-layout-flex wp-container-core-columns-is-layout-8f761849 wp-block-columns-is-layout-flex\">\n<div class=\"wp-block-column is-layout-flow wp-block-column-is-layout-flow\">\n<figure class=\"wp-block-image size-large\"><img loading=\"lazy\" decoding=\"async\" width=\"700\" height=\"700\" src=\"https:\/\/www.rabat.net\/es\/magazine\/wp-content\/uploads\/2022\/03\/P129100053-13.jpg\" alt=\"Anillo RABAT de oro blanco con zafiro rosas\" class=\"wp-image-6287\" srcset=\"https:\/\/www.rabat.net\/es\/magazine\/wp-content\/uploads\/2022\/03\/P129100053-13.jpg 700w, https:\/\/www.rabat.net\/es\/magazine\/wp-content\/uploads\/2022\/03\/P129100053-13-24x24.jpg 24w, https:\/\/www.rabat.net\/es\/magazine\/wp-content\/uploads\/2022\/03\/P129100053-13-48x48.jpg 48w, https:\/\/www.rabat.net\/es\/magazine\/wp-content\/uploads\/2022\/03\/P129100053-13-96x96.jpg 96w, https:\/\/www.rabat.net\/es\/magazine\/wp-content\/uploads\/2022\/03\/P129100053-13-150x150.jpg 150w, https:\/\/www.rabat.net\/es\/magazine\/wp-content\/uploads\/2022\/03\/P129100053-13-300x300.jpg 300w\" sizes=\"(max-width: 700px) 100vw, 700px\" \/><figcaption>Anillo RABAT de oro blanco con zafiros rosas<\/figcaption><\/figure>\n<\/div>\n\n\n\n<div class=\"wp-block-column is-layout-flow wp-block-column-is-layout-flow\">\n<figure class=\"wp-block-image size-large\"><a href=\"https:\/\/www.rabat.net\/es\/sello-oro-cuadrado-rabat-p008319953-13.html?utm_source=rmd&amp;utm_medium=publicacion&amp;utm_term=&amp;utm_content=jewel&amp;utm_campaign=love\"><img loading=\"lazy\" decoding=\"async\" width=\"700\" height=\"700\" src=\"https:\/\/www.rabat.net\/es\/magazine\/wp-content\/uploads\/2022\/08\/P008319953-13.jpg\" alt=\"Anillo RABAT de oro en forma de sello cuadrado\" class=\"wp-image-7734\" srcset=\"https:\/\/www.rabat.net\/es\/magazine\/wp-content\/uploads\/2022\/08\/P008319953-13.jpg 700w, https:\/\/www.rabat.net\/es\/magazine\/wp-content\/uploads\/2022\/08\/P008319953-13-24x24.jpg 24w, https:\/\/www.rabat.net\/es\/magazine\/wp-content\/uploads\/2022\/08\/P008319953-13-48x48.jpg 48w, https:\/\/www.rabat.net\/es\/magazine\/wp-content\/uploads\/2022\/08\/P008319953-13-96x96.jpg 96w, https:\/\/www.rabat.net\/es\/magazine\/wp-content\/uploads\/2022\/08\/P008319953-13-150x150.jpg 150w, https:\/\/www.rabat.net\/es\/magazine\/wp-content\/uploads\/2022\/08\/P008319953-13-300x300.jpg 300w\" sizes=\"(max-width: 700px) 100vw, 700px\" \/><\/a><figcaption><a href=\"https:\/\/www.rabat.net\/es\/sello-oro-cuadrado-rabat-p008319953-13.html?utm_source=rmd&amp;utm_medium=publicacion&amp;utm_term=&amp;utm_content=jewel&amp;utm_campaign=love\">Anillo RABAT <\/a>de oro amarillo con forma sello cuadrado<\/figcaption><\/figure>\n<\/div>\n<\/div>\n\n\n\n<h2 class=\"wp-block-heading\">5. <strong>Sabores (y vistas) que enamoran<\/strong><\/h2>\n\n\n\n<p class=\"wp-block-paragraph\">Entre los tejados de la Gran V\u00eda se encuentra la azotea m\u00e1s <em>cool<\/em> del centro de <strong>Madrid<\/strong>: la del <strong>Hotel The Principal<\/strong>, el \u00fanico cinco estrellas de la calle m\u00e1s transitada de la capital. Y tras sus balcones, el <strong>restaurante \u00c1tico<\/strong>, un rinc\u00f3n elegante y acogedor cuya cocina lidera <strong>Ram\u00f3n Freixa<\/strong>, chef galardonado con dos estrellas Michelin.<\/p>\n\n\n\n<figure class=\"wp-block-image size-full\"><img loading=\"lazy\" decoding=\"async\" width=\"900\" height=\"676\" src=\"https:\/\/www.rabat.net\/es\/magazine\/wp-content\/uploads\/2023\/02\/restaurante-atico-hotel-the-principal-madrid-plan-san-valentin-rabat-magazine.jpg\" alt=\"Hotel The Principal en Madrid en Rabat Magazine\" class=\"wp-image-9067\"\/><figcaption>Hotel The Principal en Madrid<\/figcaption><\/figure>\n\n\n\n<p class=\"wp-block-paragraph\">Para celebrar San Valent\u00edn por todo lo alto, el cocinero catal\u00e1n ha preparado un <strong>men\u00fa exclusivo<\/strong> que estar\u00e1 disponible desde el d\u00eda 11 hasta el 14 de febrero. Y si quieres sorprender a tu pareja y buscas algo m\u00e1s que una cena, el hotel ofrece adem\u00e1s la posibilidad de a\u00f1adir una sesi\u00f3n de masaje relajante para dos o un taller de pintura en su sala acristalada con privilegiadas vistas de la ciudad.&nbsp;<\/p>\n\n\n\n<div class=\"wp-block-columns is-layout-flex wp-container-core-columns-is-layout-8f761849 wp-block-columns-is-layout-flex\">\n<div class=\"wp-block-column is-layout-flow wp-block-column-is-layout-flow\">\n<figure class=\"wp-block-image size-large\"><img loading=\"lazy\" decoding=\"async\" width=\"700\" height=\"700\" src=\"https:\/\/www.rabat.net\/es\/magazine\/wp-content\/uploads\/2021\/12\/P012201304-13.jpg\" alt=\"Anillo de oro rosa con tres diamantes\" class=\"wp-image-5573\" srcset=\"https:\/\/www.rabat.net\/es\/magazine\/wp-content\/uploads\/2021\/12\/P012201304-13.jpg 700w, https:\/\/www.rabat.net\/es\/magazine\/wp-content\/uploads\/2021\/12\/P012201304-13-24x24.jpg 24w, https:\/\/www.rabat.net\/es\/magazine\/wp-content\/uploads\/2021\/12\/P012201304-13-48x48.jpg 48w, https:\/\/www.rabat.net\/es\/magazine\/wp-content\/uploads\/2021\/12\/P012201304-13-96x96.jpg 96w, https:\/\/www.rabat.net\/es\/magazine\/wp-content\/uploads\/2021\/12\/P012201304-13-150x150.jpg 150w, https:\/\/www.rabat.net\/es\/magazine\/wp-content\/uploads\/2021\/12\/P012201304-13-300x300.jpg 300w\" sizes=\"(max-width: 700px) 100vw, 700px\" \/><figcaption>Anillo RABAT Three Wishes de oro amarillo con sello cuadrado<\/figcaption><\/figure>\n<\/div>\n\n\n\n<div class=\"wp-block-column is-layout-flow wp-block-column-is-layout-flow\">\n<figure class=\"wp-block-image size-large\"><a href=\"https:\/\/www.rabat.net\/es\/gemelos-rabat-de-oro-rosa-para-hombre-p008317461.html?utm_source=rmd&amp;utm_medium=publicacion&amp;utm_term=&amp;utm_content=jewel&amp;utm_campaign=love\"><img loading=\"lazy\" decoding=\"async\" width=\"700\" height=\"700\" src=\"https:\/\/www.rabat.net\/es\/magazine\/wp-content\/uploads\/2023\/02\/P008317461.jpeg\" alt=\"Gemelos RABAT de oro rosa para hombre\" class=\"wp-image-9080\" srcset=\"https:\/\/www.rabat.net\/es\/magazine\/wp-content\/uploads\/2023\/02\/P008317461.jpeg 700w, https:\/\/www.rabat.net\/es\/magazine\/wp-content\/uploads\/2023\/02\/P008317461-24x24.jpeg 24w, https:\/\/www.rabat.net\/es\/magazine\/wp-content\/uploads\/2023\/02\/P008317461-48x48.jpeg 48w, https:\/\/www.rabat.net\/es\/magazine\/wp-content\/uploads\/2023\/02\/P008317461-96x96.jpeg 96w, https:\/\/www.rabat.net\/es\/magazine\/wp-content\/uploads\/2023\/02\/P008317461-150x150.jpeg 150w, https:\/\/www.rabat.net\/es\/magazine\/wp-content\/uploads\/2023\/02\/P008317461-300x300.jpeg 300w\" sizes=\"(max-width: 700px) 100vw, 700px\" \/><\/a><figcaption><a href=\"https:\/\/www.rabat.net\/es\/gemelos-rabat-de-oro-rosa-para-hombre-p008317461.html?utm_source=rmd&amp;utm_medium=publicacion&amp;utm_term=&amp;utm_content=jewel&amp;utm_campaign=love\">Gemelos RABAT <\/a>de oro rosa para hombre<\/figcaption><\/figure>\n<\/div>\n<\/div>\n","protected":false},"excerpt":{"rendered":"<p>Salir de la rutina es un requisito fundamental para celebrar que estamos enamorados. Estos planes, sin distracciones ni estr\u00e9s, te har\u00e1n conectar con tu pareja este 14 de febrero y siempre que lo necesites. <\/p>\n","protected":false},"author":9,"featured_media":9084,"comment_status":"closed","ping_status":"closed","sticky":false,"template":"","format":"standard","meta":{"_acf_changed":false,"_crdt_document":"","footnotes":""},"categories":[325],"tags":[],"class_list":["post-9060","post","type-post","status-publish","format-standard","has-post-thumbnail","hentry","category-lifestyle"],"acf":[],"yoast_head":"<!-- This site is optimized with the Yoast SEO plugin v27.2 - https:\/\/yoast.com\/product\/yoast-seo-wordpress\/ -->\n<title>5 planes para vivir un San Valent\u00edn inolvidable - RABAT Magazine<\/title>\n<meta name=\"description\" content=\"Madrid, Barcelona, Tarragona, Manresa o Ibiza, en el centro de la ciudad o en plena naturaleza, para desconectar o para relajarse... planes inolvidables para San Valent\u00edn.\" \/>\n<meta name=\"robots\" content=\"index, follow, max-snippet:-1, max-image-preview:large, max-video-preview:-1\" \/>\n<link rel=\"canonical\" href=\"https:\/\/www.rabat.net\/es\/magazine\/5-planes-para-vivir-un-san-valentin-inolvidable\" \/>\n<meta property=\"og:locale\" content=\"es_ES\" \/>\n<meta property=\"og:type\" content=\"article\" \/>\n<meta property=\"og:title\" content=\"5 planes para vivir un San Valent\u00edn inolvidable - RABAT Magazine\" \/>\n<meta property=\"og:description\" content=\"Madrid, Barcelona, Tarragona, Manresa o Ibiza, en el centro de la ciudad o en plena naturaleza, para desconectar o para relajarse... planes inolvidables para San Valent\u00edn.\" \/>\n<meta property=\"og:url\" content=\"https:\/\/www.rabat.net\/es\/magazine\/5-planes-para-vivir-un-san-valentin-inolvidable\" \/>\n<meta property=\"og:site_name\" content=\"RABAT Magazine\" \/>\n<meta property=\"article:published_time\" content=\"2023-02-03T08:32:13+00:00\" \/>\n<meta property=\"article:modified_time\" content=\"2023-06-29T15:24:34+00:00\" \/>\n<meta property=\"og:image\" content=\"https:\/\/www.rabat.net\/es\/magazine\/wp-content\/uploads\/2023\/02\/spa-termas-aire-barcelona-planes-de-san-valentin-rabat-magazine.jpg\" \/>\n\t<meta property=\"og:image:width\" content=\"1020\" \/>\n\t<meta property=\"og:image:height\" content=\"680\" \/>\n\t<meta property=\"og:image:type\" content=\"image\/jpeg\" \/>\n<meta name=\"author\" content=\"Susana Molina\" \/>\n<meta name=\"twitter:card\" content=\"summary_large_image\" \/>\n<meta name=\"twitter:label1\" content=\"Escrito por\" \/>\n\t<meta name=\"twitter:data1\" content=\"Susana Molina\" \/>\n\t<meta name=\"twitter:label2\" content=\"Tiempo de lectura\" \/>\n\t<meta name=\"twitter:data2\" content=\"8 minutos\" \/>\n<script type=\"application\/ld+json\" class=\"yoast-schema-graph\">{\"@context\":\"https:\/\/schema.org\",\"@graph\":[{\"@type\":\"Article\",\"@id\":\"https:\/\/www.rabat.net\/es\/magazine\/5-planes-para-vivir-un-san-valentin-inolvidable#article\",\"isPartOf\":{\"@id\":\"https:\/\/www.rabat.net\/es\/magazine\/5-planes-para-vivir-un-san-valentin-inolvidable\"},\"author\":{\"name\":\"Susana Molina\",\"@id\":\"https:\/\/www.rabat.net\/es\/magazine\/#\/schema\/person\/3aa3277bd9b285bbc670cfce1a24b020\"},\"headline\":\"5 planes para vivir un San Valent\u00edn inolvidable\",\"datePublished\":\"2023-02-03T08:32:13+00:00\",\"dateModified\":\"2023-06-29T15:24:34+00:00\",\"mainEntityOfPage\":{\"@id\":\"https:\/\/www.rabat.net\/es\/magazine\/5-planes-para-vivir-un-san-valentin-inolvidable\"},\"wordCount\":1161,\"publisher\":{\"@id\":\"https:\/\/www.rabat.net\/es\/magazine\/#organization\"},\"image\":{\"@id\":\"https:\/\/www.rabat.net\/es\/magazine\/5-planes-para-vivir-un-san-valentin-inolvidable#primaryimage\"},\"thumbnailUrl\":\"https:\/\/www.rabat.net\/es\/magazine\/wp-content\/uploads\/2023\/02\/spa-termas-aire-barcelona-planes-de-san-valentin-rabat-magazine.jpg\",\"articleSection\":[\"Lifestyle\"],\"inLanguage\":\"es\"},{\"@type\":\"WebPage\",\"@id\":\"https:\/\/www.rabat.net\/es\/magazine\/5-planes-para-vivir-un-san-valentin-inolvidable\",\"url\":\"https:\/\/www.rabat.net\/es\/magazine\/5-planes-para-vivir-un-san-valentin-inolvidable\",\"name\":\"5 planes para vivir un San Valent\u00edn inolvidable - RABAT Magazine\",\"isPartOf\":{\"@id\":\"https:\/\/www.rabat.net\/es\/magazine\/#website\"},\"primaryImageOfPage\":{\"@id\":\"https:\/\/www.rabat.net\/es\/magazine\/5-planes-para-vivir-un-san-valentin-inolvidable#primaryimage\"},\"image\":{\"@id\":\"https:\/\/www.rabat.net\/es\/magazine\/5-planes-para-vivir-un-san-valentin-inolvidable#primaryimage\"},\"thumbnailUrl\":\"https:\/\/www.rabat.net\/es\/magazine\/wp-content\/uploads\/2023\/02\/spa-termas-aire-barcelona-planes-de-san-valentin-rabat-magazine.jpg\",\"datePublished\":\"2023-02-03T08:32:13+00:00\",\"dateModified\":\"2023-06-29T15:24:34+00:00\",\"description\":\"Madrid, Barcelona, Tarragona, Manresa o Ibiza, en el centro de la ciudad o en plena naturaleza, para desconectar o para relajarse... planes inolvidables para San Valent\u00edn.\",\"breadcrumb\":{\"@id\":\"https:\/\/www.rabat.net\/es\/magazine\/5-planes-para-vivir-un-san-valentin-inolvidable#breadcrumb\"},\"inLanguage\":\"es\",\"potentialAction\":[{\"@type\":\"ReadAction\",\"target\":[\"https:\/\/www.rabat.net\/es\/magazine\/5-planes-para-vivir-un-san-valentin-inolvidable\"]}]},{\"@type\":\"ImageObject\",\"inLanguage\":\"es\",\"@id\":\"https:\/\/www.rabat.net\/es\/magazine\/5-planes-para-vivir-un-san-valentin-inolvidable#primaryimage\",\"url\":\"https:\/\/www.rabat.net\/es\/magazine\/wp-content\/uploads\/2023\/02\/spa-termas-aire-barcelona-planes-de-san-valentin-rabat-magazine.jpg\",\"contentUrl\":\"https:\/\/www.rabat.net\/es\/magazine\/wp-content\/uploads\/2023\/02\/spa-termas-aire-barcelona-planes-de-san-valentin-rabat-magazine.jpg\",\"width\":1020,\"height\":680,\"caption\":\"Spa Aires de Barcelona planes de San Valentin en Rabat Magazine\"},{\"@type\":\"BreadcrumbList\",\"@id\":\"https:\/\/www.rabat.net\/es\/magazine\/5-planes-para-vivir-un-san-valentin-inolvidable#breadcrumb\",\"itemListElement\":[{\"@type\":\"ListItem\",\"position\":1,\"name\":\"Home\",\"item\":\"https:\/\/www.rabat.net\/es\/magazine\/\"},{\"@type\":\"ListItem\",\"position\":2,\"name\":\"5 planes para vivir un San Valent\u00edn inolvidable\"}]},{\"@type\":\"WebSite\",\"@id\":\"https:\/\/www.rabat.net\/es\/magazine\/#website\",\"url\":\"https:\/\/www.rabat.net\/es\/magazine\/\",\"name\":\"RABAT Magazine\",\"description\":\"Revista Digital de Joyer\u00eda y Relojer\u00eda\",\"publisher\":{\"@id\":\"https:\/\/www.rabat.net\/es\/magazine\/#organization\"},\"potentialAction\":[{\"@type\":\"SearchAction\",\"target\":{\"@type\":\"EntryPoint\",\"urlTemplate\":\"https:\/\/www.rabat.net\/es\/magazine\/?s={search_term_string}\"},\"query-input\":{\"@type\":\"PropertyValueSpecification\",\"valueRequired\":true,\"valueName\":\"search_term_string\"}}],\"inLanguage\":\"es\"},{\"@type\":\"Organization\",\"@id\":\"https:\/\/www.rabat.net\/es\/magazine\/#organization\",\"name\":\"RABAT Magazine\",\"url\":\"https:\/\/www.rabat.net\/es\/magazine\/\",\"logo\":{\"@type\":\"ImageObject\",\"inLanguage\":\"es\",\"@id\":\"https:\/\/www.rabat.net\/es\/magazine\/#\/schema\/logo\/image\/\",\"url\":\"https:\/\/www.rabat.net\/es\/magazine\/wp-content\/uploads\/2019\/04\/rabat-logotipo-stories.png\",\"contentUrl\":\"https:\/\/www.rabat.net\/es\/magazine\/wp-content\/uploads\/2019\/04\/rabat-logotipo-stories.png\",\"width\":250,\"height\":38,\"caption\":\"RABAT Magazine\"},\"image\":{\"@id\":\"https:\/\/www.rabat.net\/es\/magazine\/#\/schema\/logo\/image\/\"}},{\"@type\":\"Person\",\"@id\":\"https:\/\/www.rabat.net\/es\/magazine\/#\/schema\/person\/3aa3277bd9b285bbc670cfce1a24b020\",\"name\":\"Susana Molina\",\"sameAs\":[\"http:\/\/www.susanamolinacontenidos.com\",\"https:\/\/www.instagram.com\/susanacontenidos\/\"],\"url\":\"https:\/\/www.rabat.net\/es\/magazine\/author\/susana-molina\"}]}<\/script>\n<!-- \/ Yoast SEO plugin. -->","yoast_head_json":{"title":"5 planes para vivir un San Valent\u00edn inolvidable - RABAT Magazine","description":"Madrid, Barcelona, Tarragona, Manresa o Ibiza, en el centro de la ciudad o en plena naturaleza, para desconectar o para relajarse... planes inolvidables para San Valent\u00edn.","robots":{"index":"index","follow":"follow","max-snippet":"max-snippet:-1","max-image-preview":"max-image-preview:large","max-video-preview":"max-video-preview:-1"},"canonical":"https:\/\/www.rabat.net\/es\/magazine\/5-planes-para-vivir-un-san-valentin-inolvidable","og_locale":"es_ES","og_type":"article","og_title":"5 planes para vivir un San Valent\u00edn inolvidable - RABAT Magazine","og_description":"Madrid, Barcelona, Tarragona, Manresa o Ibiza, en el centro de la ciudad o en plena naturaleza, para desconectar o para relajarse... planes inolvidables para San Valent\u00edn.","og_url":"https:\/\/www.rabat.net\/es\/magazine\/5-planes-para-vivir-un-san-valentin-inolvidable","og_site_name":"RABAT Magazine","article_published_time":"2023-02-03T08:32:13+00:00","article_modified_time":"2023-06-29T15:24:34+00:00","og_image":[{"width":1020,"height":680,"url":"https:\/\/www.rabat.net\/es\/magazine\/wp-content\/uploads\/2023\/02\/spa-termas-aire-barcelona-planes-de-san-valentin-rabat-magazine.jpg","type":"image\/jpeg"}],"author":"Susana Molina","twitter_card":"summary_large_image","twitter_misc":{"Escrito por":"Susana Molina","Tiempo de lectura":"8 minutos"},"schema":{"@context":"https:\/\/schema.org","@graph":[{"@type":"Article","@id":"https:\/\/www.rabat.net\/es\/magazine\/5-planes-para-vivir-un-san-valentin-inolvidable#article","isPartOf":{"@id":"https:\/\/www.rabat.net\/es\/magazine\/5-planes-para-vivir-un-san-valentin-inolvidable"},"author":{"name":"Susana Molina","@id":"https:\/\/www.rabat.net\/es\/magazine\/#\/schema\/person\/3aa3277bd9b285bbc670cfce1a24b020"},"headline":"5 planes para vivir un San Valent\u00edn inolvidable","datePublished":"2023-02-03T08:32:13+00:00","dateModified":"2023-06-29T15:24:34+00:00","mainEntityOfPage":{"@id":"https:\/\/www.rabat.net\/es\/magazine\/5-planes-para-vivir-un-san-valentin-inolvidable"},"wordCount":1161,"publisher":{"@id":"https:\/\/www.rabat.net\/es\/magazine\/#organization"},"image":{"@id":"https:\/\/www.rabat.net\/es\/magazine\/5-planes-para-vivir-un-san-valentin-inolvidable#primaryimage"},"thumbnailUrl":"https:\/\/www.rabat.net\/es\/magazine\/wp-content\/uploads\/2023\/02\/spa-termas-aire-barcelona-planes-de-san-valentin-rabat-magazine.jpg","articleSection":["Lifestyle"],"inLanguage":"es"},{"@type":"WebPage","@id":"https:\/\/www.rabat.net\/es\/magazine\/5-planes-para-vivir-un-san-valentin-inolvidable","url":"https:\/\/www.rabat.net\/es\/magazine\/5-planes-para-vivir-un-san-valentin-inolvidable","name":"5 planes para vivir un San Valent\u00edn inolvidable - RABAT Magazine","isPartOf":{"@id":"https:\/\/www.rabat.net\/es\/magazine\/#website"},"primaryImageOfPage":{"@id":"https:\/\/www.rabat.net\/es\/magazine\/5-planes-para-vivir-un-san-valentin-inolvidable#primaryimage"},"image":{"@id":"https:\/\/www.rabat.net\/es\/magazine\/5-planes-para-vivir-un-san-valentin-inolvidable#primaryimage"},"thumbnailUrl":"https:\/\/www.rabat.net\/es\/magazine\/wp-content\/uploads\/2023\/02\/spa-termas-aire-barcelona-planes-de-san-valentin-rabat-magazine.jpg","datePublished":"2023-02-03T08:32:13+00:00","dateModified":"2023-06-29T15:24:34+00:00","description":"Madrid, Barcelona, Tarragona, Manresa o Ibiza, en el centro de la ciudad o en plena naturaleza, para desconectar o para relajarse... planes inolvidables para San Valent\u00edn.","breadcrumb":{"@id":"https:\/\/www.rabat.net\/es\/magazine\/5-planes-para-vivir-un-san-valentin-inolvidable#breadcrumb"},"inLanguage":"es","potentialAction":[{"@type":"ReadAction","target":["https:\/\/www.rabat.net\/es\/magazine\/5-planes-para-vivir-un-san-valentin-inolvidable"]}]},{"@type":"ImageObject","inLanguage":"es","@id":"https:\/\/www.rabat.net\/es\/magazine\/5-planes-para-vivir-un-san-valentin-inolvidable#primaryimage","url":"https:\/\/www.rabat.net\/es\/magazine\/wp-content\/uploads\/2023\/02\/spa-termas-aire-barcelona-planes-de-san-valentin-rabat-magazine.jpg","contentUrl":"https:\/\/www.rabat.net\/es\/magazine\/wp-content\/uploads\/2023\/02\/spa-termas-aire-barcelona-planes-de-san-valentin-rabat-magazine.jpg","width":1020,"height":680,"caption":"Spa Aires de Barcelona planes de San Valentin en Rabat Magazine"},{"@type":"BreadcrumbList","@id":"https:\/\/www.rabat.net\/es\/magazine\/5-planes-para-vivir-un-san-valentin-inolvidable#breadcrumb","itemListElement":[{"@type":"ListItem","position":1,"name":"Home","item":"https:\/\/www.rabat.net\/es\/magazine\/"},{"@type":"ListItem","position":2,"name":"5 planes para vivir un San Valent\u00edn inolvidable"}]},{"@type":"WebSite","@id":"https:\/\/www.rabat.net\/es\/magazine\/#website","url":"https:\/\/www.rabat.net\/es\/magazine\/","name":"RABAT Magazine","description":"Revista Digital de Joyer\u00eda y Relojer\u00eda","publisher":{"@id":"https:\/\/www.rabat.net\/es\/magazine\/#organization"},"potentialAction":[{"@type":"SearchAction","target":{"@type":"EntryPoint","urlTemplate":"https:\/\/www.rabat.net\/es\/magazine\/?s={search_term_string}"},"query-input":{"@type":"PropertyValueSpecification","valueRequired":true,"valueName":"search_term_string"}}],"inLanguage":"es"},{"@type":"Organization","@id":"https:\/\/www.rabat.net\/es\/magazine\/#organization","name":"RABAT Magazine","url":"https:\/\/www.rabat.net\/es\/magazine\/","logo":{"@type":"ImageObject","inLanguage":"es","@id":"https:\/\/www.rabat.net\/es\/magazine\/#\/schema\/logo\/image\/","url":"https:\/\/www.rabat.net\/es\/magazine\/wp-content\/uploads\/2019\/04\/rabat-logotipo-stories.png","contentUrl":"https:\/\/www.rabat.net\/es\/magazine\/wp-content\/uploads\/2019\/04\/rabat-logotipo-stories.png","width":250,"height":38,"caption":"RABAT Magazine"},"image":{"@id":"https:\/\/www.rabat.net\/es\/magazine\/#\/schema\/logo\/image\/"}},{"@type":"Person","@id":"https:\/\/www.rabat.net\/es\/magazine\/#\/schema\/person\/3aa3277bd9b285bbc670cfce1a24b020","name":"Susana Molina","sameAs":["http:\/\/www.susanamolinacontenidos.com","https:\/\/www.instagram.com\/susanacontenidos\/"],"url":"https:\/\/www.rabat.net\/es\/magazine\/author\/susana-molina"}]}},"_links":{"self":[{"href":"https:\/\/www.rabat.net\/es\/magazine\/wp-json\/wp\/v2\/posts\/9060","targetHints":{"allow":["GET"]}}],"collection":[{"href":"https:\/\/www.rabat.net\/es\/magazine\/wp-json\/wp\/v2\/posts"}],"about":[{"href":"https:\/\/www.rabat.net\/es\/magazine\/wp-json\/wp\/v2\/types\/post"}],"author":[{"embeddable":true,"href":"https:\/\/www.rabat.net\/es\/magazine\/wp-json\/wp\/v2\/users\/9"}],"replies":[{"embeddable":true,"href":"https:\/\/www.rabat.net\/es\/magazine\/wp-json\/wp\/v2\/comments?post=9060"}],"version-history":[{"count":5,"href":"https:\/\/www.rabat.net\/es\/magazine\/wp-json\/wp\/v2\/posts\/9060\/revisions"}],"predecessor-version":[{"id":10878,"href":"https:\/\/www.rabat.net\/es\/magazine\/wp-json\/wp\/v2\/posts\/9060\/revisions\/10878"}],"wp:featuredmedia":[{"embeddable":true,"href":"https:\/\/www.rabat.net\/es\/magazine\/wp-json\/wp\/v2\/media\/9084"}],"wp:attachment":[{"href":"https:\/\/www.rabat.net\/es\/magazine\/wp-json\/wp\/v2\/media?parent=9060"}],"wp:term":[{"taxonomy":"category","embeddable":true,"href":"https:\/\/www.rabat.net\/es\/magazine\/wp-json\/wp\/v2\/categories?post=9060"},{"taxonomy":"post_tag","embeddable":true,"href":"https:\/\/www.rabat.net\/es\/magazine\/wp-json\/wp\/v2\/tags?post=9060"}],"curies":[{"name":"wp","href":"https:\/\/api.w.org\/{rel}","templated":true}]}}